{"id":1283,"date":"2016-05-11T08:14:26","date_gmt":"2016-05-11T08:14:26","guid":{"rendered":"http:\/\/www.nolana-schafe.de\/de-pages\/?p=1283"},"modified":"2016-05-13T10:05:48","modified_gmt":"2016-05-13T10:05:48","slug":"nolana-portrait-im-schaf-und-ziegenfachmagazin-oesterreich","status":"publish","type":"post","link":"https:\/\/www.nolana-schafe.de\/de-pages\/nolana-portrait-im-schaf-und-ziegenfachmagazin-oesterreich\/","title":{"rendered":"Nolana-Portrait im Schaf- und Ziegenfachmagazin \u00d6sterreich"},"content":{"rendered":"<p>In der Maiausgabe der \u00f6sterreichischen Fachzeitschrift &#8222;Schafe&amp;Ziegen&#8220; werden ab Seite 36 die beiden Zuchtrichtungen des Nolana-Schafes sehr sch\u00f6n bebildert dargestellt.<\/p>\n<p>Vermutlich haupts\u00e4chlich aufgrund des Artikels bekommt der Nolana-Vereinsvorstand aktuell viele Anfragen aus \u00d6sterreich sowohl zu Informationen zur Nolana-Rasse als auch nach geeigneten Zuchttieren.<\/p>\n<p><a href=\"http:\/\/www.nolana-schafe.de\/de-pages\/wp-content\/uploads\/Schafe-und-Ziegenfachzeitschrift.pdf\" rel=\"\">Hier <\/a>finden Sie die komplette M\u00e4rzausgabe.<\/p>\n<p>&nbsp;<\/p>\n<p>&nbsp;<\/p>\n","protected":false},"excerpt":{"rendered":"<p>In der Maiausgabe der \u00f6sterreichischen Fachzeitschrift &#8222;Schafe&amp;Ziegen&#8220; werden ab Seite 36 die beiden Zuchtrichtungen des Nolana-Schafes sehr sch\u00f6n bebildert dargestellt. Vermutlich haupts\u00e4chlich aufgrund des Artikels bekommt der Nolana-Vereinsvorstand aktuell viele Anfragen aus \u00d6sterreich sowohl zu Informationen zur Nolana-Rasse als auch nach geeigneten Zuchttieren. Hier finden Sie die komplette M\u00e4rzausgabe. &nbsp; &nbsp;<\/p>\n","protected":false},"author":3,"featured_media":0,"comment_status":"closed","ping_status":"closed","sticky":false,"template":"","format":"standard","meta":{"footnotes":""},"categories":[1],"tags":[],"class_list":["post-1283","post","type-post","status-publish","format-standard","hentry","category-allgemein","category-1","description-off"],"_links":{"self":[{"href":"https:\/\/www.nolana-schafe.de\/de-pages\/wp-json\/wp\/v2\/posts\/1283","targetHints":{"allow":["GET"]}}],"collection":[{"href":"https:\/\/www.nolana-schafe.de\/de-pages\/wp-json\/wp\/v2\/posts"}],"about":[{"href":"https:\/\/www.nolana-schafe.de\/de-pages\/wp-json\/wp\/v2\/types\/post"}],"author":[{"embeddable":true,"href":"https:\/\/www.nolana-schafe.de\/de-pages\/wp-json\/wp\/v2\/users\/3"}],"replies":[{"embeddable":true,"href":"https:\/\/www.nolana-schafe.de\/de-pages\/wp-json\/wp\/v2\/comments?post=1283"}],"version-history":[{"count":2,"href":"https:\/\/www.nolana-schafe.de\/de-pages\/wp-json\/wp\/v2\/posts\/1283\/revisions"}],"predecessor-version":[{"id":1285,"href":"https:\/\/www.nolana-schafe.de\/de-pages\/wp-json\/wp\/v2\/posts\/1283\/revisions\/1285"}],"wp:attachment":[{"href":"https:\/\/www.nolana-schafe.de\/de-pages\/wp-json\/wp\/v2\/media?parent=1283"}],"wp:term":[{"taxonomy":"category","embeddable":true,"href":"https:\/\/www.nolana-schafe.de\/de-pages\/wp-json\/wp\/v2\/categories?post=1283"},{"taxonomy":"post_tag","embeddable":true,"href":"https:\/\/www.nolana-schafe.de\/de-pages\/wp-json\/wp\/v2\/tags?post=1283"}],"curies":[{"name":"wp","href":"https:\/\/api.w.org\/{rel}","templated":true}]}}