{"id":1318,"date":"2016-08-14T12:28:00","date_gmt":"2016-08-14T12:28:00","guid":{"rendered":"http:\/\/www.nolana-schafe.de\/de-pages\/?p=1318"},"modified":"2016-08-14T12:28:10","modified_gmt":"2016-08-14T12:28:10","slug":"1-nolana-landschaftag-samstag-10-september-rueckt-naeher","status":"publish","type":"post","link":"https:\/\/www.nolana-schafe.de\/de-pages\/1-nolana-landschaftag-samstag-10-september-rueckt-naeher\/","title":{"rendered":"1. Nolana-Landschaftag (Samstag, 10. September) r\u00fcckt n\u00e4her"},"content":{"rendered":"<p>Der 1. Nolana-Landschaftag, der im Rahmen der j\u00e4hrlichen Nolana-Tagung am 10. September 2016 im Waldinformationszentrum Hammerhof (Warburg-Scherfede) stattfindet, r\u00fcckt n\u00e4her.<\/p>\n<p>Nachfolgend eine Beschreibung des Programms und des Tagesablaufes. Mitglieder des Vereins, und Nichtmitglieder, die \u00fcber einen Beitritt zum Verein nachdenken, sind bereits ab 10:00 Uhr zum internen Teil (Regularien, Aktivit\u00e4ten, Ausblick, etc &#8230;) herzlich eingeladen. Der offizielle Teil f\u00fcr alle Besucher beginnt dann um 11:30 Uhr:<\/p>\n<p>&nbsp;<\/p>\n<p><span style=\"font-size: xx-large;\"><b>Nolana-Landschaf-Tag auf dem Hammerhof<\/b><\/span><\/p>\n<p>&nbsp;<\/p>\n<p><span style=\"font-size: medium;\">Am 10. September 2016 soll erstmalig ein Nolana-Landschaf-Tag mit vielen interessanten Programmpunkten stattfinden. Als Veranstaltungsort wurde das Wald-Informationszentrum Hammerhof in Warburg-Scherfede (NRW) ausgew\u00e4hlt. Hier bieten sich landschaftlich, r\u00e4umlich und auch in gastronomischer Hinsicht ideale Bedingungen f\u00fcr einen solchen Veranstaltung.<\/span><\/p>\n<p><span style=\"font-size: medium;\">Eingeladen sind alle, die sich f\u00fcr Nolana-Landschafe interessieren. Z\u00fcchter haben die M\u00f6glichkeit, Tiere aus ihrer Zucht vorzustellen (Pferche werden vor Ort zur Verf\u00fcgung gestellt) oder auch durch mitgebrachtes Bildmaterial den Stand ihrer Zucht zu demonstrieren.<\/span><\/p>\n<p><span style=\"font-size: medium;\">Folgender Programmablauf ist geplant: Nachdem das Nolana-Netzwerk seine Jahreshauptversammlung durchgef\u00fchrt hat, soll dann um 11.<\/span><span style=\"font-size: medium;\">30<\/span><span style=\"font-size: medium;\"> Uhr mit der offiziellen Begr\u00fc\u00dfung der Nolana-Landschaf-Tag beginnen. Es folgen einige Erl\u00e4uterungen zum mittlerweile bundesweit festgelegten Rassestandard sowie Erkl\u00e4rungen zu den Zuchtrichtlinien.<\/span><\/p>\n<p><span style=\"font-size: medium;\">Im Anschluss daran stellt der bekannte Nolana-Landschaf-Z\u00fcchter Urs J\u00e4ger eine praxisnahe Z\u00fcchtersoftware vor, die es den Z\u00fcchtern erm\u00f6glicht, Einblick in viele Generationen Nolanazucht zu nehmen und Strategien zur Inzuchtvermeidung zu entwickeln.<\/span><\/p>\n<p><span style=\"font-size: medium;\">Nach der Mittagspause werden dann Ortrun und Andreas Humpert anhand von theoretischen und praktischen Beispielen die Anatomie eines Landschafes erl\u00e4utern. Ortrun Humpert ist Pr\u00e4sidentin des Schafzuchtverbandes NRW, ihr Ehemann Andreas ein erfahrener K\u00f6rmeister und Vorsitzender des Rasseausschusses Landschafe innerhalb der VDL. Bei diesem Programmpunkt ist die Mitwirkung der ausstellenden Z\u00fcchter erw\u00fcnscht. Es besteht die M\u00f6glichkeit, einzelne Zuchttiere vorzustellen und Tipps und Ratschl\u00e4ge f\u00fcr die Weiterentwicklung der Zucht zu erhalten.<\/span><\/p>\n<p><span style=\"font-size: medium;\">Hieran anschlie\u00dfend wird der Einsatz von H\u00fctehunden an Nolana-Landschafen demonstriert. Ulf Helming und Michael Krumme zeigen die Arbeit mit Kelpies (australische H\u00fctehunde) an Helmings Herde. Interessierte Besucher bekommen hier Hinweise zur Ausbildung und zum sinnvollen Einsatz von H\u00fctehunden und erleben einen H\u00fcteparcours, der mit vielen Aufgabenstellungen gespickt ist.<\/span><\/p>\n<p><span style=\"font-size: medium;\">Mit der H\u00fctevorf\u00fchrung ist der 1. Nolana-Landschaf-Tag offiziell beendet. Nat\u00fcrlich besteht danach noch die M\u00f6glichkeit, beim gemeinsamen Fachsimpeln den Tag gem\u00fctlich ausklingen zu lassen.<\/span><\/p>\n<p>&nbsp;<\/p>\n<p>Das Plakat zur Veranstaltung findet man\u00a0<a href=\"http:\/\/www.nolana-schafe.de\/de-pages\/wp-content\/uploads\/Nolana-Landschaf-Tag_2016_A2.pdf\" rel=\"\">hier<\/a><\/p>\n","protected":false},"excerpt":{"rendered":"<p>Der 1. Nolana-Landschaftag, der im Rahmen der j\u00e4hrlichen Nolana-Tagung am 10. September 2016 im Waldinformationszentrum Hammerhof (Warburg-Scherfede) stattfindet, r\u00fcckt n\u00e4her. Nachfolgend eine Beschreibung des Programms und des Tagesablaufes. Mitglieder des Vereins, und Nichtmitglieder, die \u00fcber einen Beitritt zum Verein nachdenken, sind bereits ab 10:00 Uhr zum internen Teil (Regularien, Aktivit\u00e4ten, Ausblick, etc &#8230;) herzlich eingeladen.&hellip;<\/p>\n","protected":false},"author":3,"featured_media":0,"comment_status":"closed","ping_status":"closed","sticky":false,"template":"","format":"standard","meta":{"footnotes":""},"categories":[1],"tags":[],"class_list":["post-1318","post","type-post","status-publish","format-standard","hentry","category-allgemein","category-1","description-off"],"_links":{"self":[{"href":"https:\/\/www.nolana-schafe.de\/de-pages\/wp-json\/wp\/v2\/posts\/1318","targetHints":{"allow":["GET"]}}],"collection":[{"href":"https:\/\/www.nolana-schafe.de\/de-pages\/wp-json\/wp\/v2\/posts"}],"about":[{"href":"https:\/\/www.nolana-schafe.de\/de-pages\/wp-json\/wp\/v2\/types\/post"}],"author":[{"embeddable":true,"href":"https:\/\/www.nolana-schafe.de\/de-pages\/wp-json\/wp\/v2\/users\/3"}],"replies":[{"embeddable":true,"href":"https:\/\/www.nolana-schafe.de\/de-pages\/wp-json\/wp\/v2\/comments?post=1318"}],"version-history":[{"count":1,"href":"https:\/\/www.nolana-schafe.de\/de-pages\/wp-json\/wp\/v2\/posts\/1318\/revisions"}],"predecessor-version":[{"id":1319,"href":"https:\/\/www.nolana-schafe.de\/de-pages\/wp-json\/wp\/v2\/posts\/1318\/revisions\/1319"}],"wp:attachment":[{"href":"https:\/\/www.nolana-schafe.de\/de-pages\/wp-json\/wp\/v2\/media?parent=1318"}],"wp:term":[{"taxonomy":"category","embeddable":true,"href":"https:\/\/www.nolana-schafe.de\/de-pages\/wp-json\/wp\/v2\/categories?post=1318"},{"taxonomy":"post_tag","embeddable":true,"href":"https:\/\/www.nolana-schafe.de\/de-pages\/wp-json\/wp\/v2\/tags?post=1318"}],"curies":[{"name":"wp","href":"https:\/\/api.w.org\/{rel}","templated":true}]}}