{"id":1368,"date":"2016-11-07T18:42:32","date_gmt":"2016-11-07T18:42:32","guid":{"rendered":"http:\/\/www.nolana-schafe.de\/de-pages\/?p=1368"},"modified":"2016-11-08T06:56:01","modified_gmt":"2016-11-08T06:56:01","slug":"29-30-10-2016-ausstellung-von-nolanaschafen-1-landwirtschaftsmesse-goerlitzbautzen","status":"publish","type":"post","link":"https:\/\/www.nolana-schafe.de\/de-pages\/29-30-10-2016-ausstellung-von-nolanaschafen-1-landwirtschaftsmesse-goerlitzbautzen\/","title":{"rendered":"29.\/30.10.2016: Ausstellung von Nolanaschafen &#8211; 1. Landwirtschaftsmesse G\u00f6rlitz\/Bautzen"},"content":{"rendered":"<p>(hg) Im Rahmen \u00a0der 1. Landwirtschaftsmesse der Landkreise G\u00f6rlitz und Bautzen stellte unser Vereinsmitglied Reinhard Mosig aus 02747 Herrnhut jeweils 1 Nolana-Fleischschaf (K\u00f6llitscher Abstammung) und 1 braunes Nolana-Landschaf aus.<\/p>\n<p>Die Messe bestand im wesentlichen aus einem Technik-Teil, einer Kleintierschau mit Gefl\u00fcgel und Kaninchen und einer Katzenschau. Landwirtschaftliche Nutztiere waren eher nicht vertreten.<\/p>\n<p>Jedoch war das Interesse an den Nolana-Schafen durchaus vorhanden und es kam zu Gespr\u00e4chen am Ausstellungsstand.<\/p>\n<p>Durch die angebrachten Werbebanner des Nolana-Vereins waren die Besucher doch teils neugierig geworden und informierten sich, so kamen neben dem &#8222;normalen&#8220; Publikum auch Hobbyschafhalter und\u00a0Berufssch\u00e4fer mit gr\u00f6\u00dferen Herden. Es wurden entsprechend Flyer verteilt.<\/p>\n<p>Herr Mosig hat den Aufwand nicht gescheut und spricht von einer durchweg positiven Veranstaltung. Im n\u00e4chsten Jahr wird er wieder Nolana-Schafe im Rahmen des Landeserntedankfestes\u00a0dort ausstellen.<\/p>\n<p>&nbsp;<\/p>\n","protected":false},"excerpt":{"rendered":"<p>(hg) Im Rahmen \u00a0der 1. Landwirtschaftsmesse der Landkreise G\u00f6rlitz und Bautzen stellte unser Vereinsmitglied Reinhard Mosig aus 02747 Herrnhut jeweils 1 Nolana-Fleischschaf (K\u00f6llitscher Abstammung) und 1 braunes Nolana-Landschaf aus. Die Messe bestand im wesentlichen aus einem Technik-Teil, einer Kleintierschau mit Gefl\u00fcgel und Kaninchen und einer Katzenschau. Landwirtschaftliche Nutztiere waren eher nicht vertreten. Jedoch war das&hellip;<\/p>\n","protected":false},"author":3,"featured_media":0,"comment_status":"closed","ping_status":"closed","sticky":false,"template":"","format":"standard","meta":{"footnotes":""},"categories":[1],"tags":[],"class_list":["post-1368","post","type-post","status-publish","format-standard","hentry","category-allgemein","category-1","description-off"],"_links":{"self":[{"href":"https:\/\/www.nolana-schafe.de\/de-pages\/wp-json\/wp\/v2\/posts\/1368","targetHints":{"allow":["GET"]}}],"collection":[{"href":"https:\/\/www.nolana-schafe.de\/de-pages\/wp-json\/wp\/v2\/posts"}],"about":[{"href":"https:\/\/www.nolana-schafe.de\/de-pages\/wp-json\/wp\/v2\/types\/post"}],"author":[{"embeddable":true,"href":"https:\/\/www.nolana-schafe.de\/de-pages\/wp-json\/wp\/v2\/users\/3"}],"replies":[{"embeddable":true,"href":"https:\/\/www.nolana-schafe.de\/de-pages\/wp-json\/wp\/v2\/comments?post=1368"}],"version-history":[{"count":3,"href":"https:\/\/www.nolana-schafe.de\/de-pages\/wp-json\/wp\/v2\/posts\/1368\/revisions"}],"predecessor-version":[{"id":1372,"href":"https:\/\/www.nolana-schafe.de\/de-pages\/wp-json\/wp\/v2\/posts\/1368\/revisions\/1372"}],"wp:attachment":[{"href":"https:\/\/www.nolana-schafe.de\/de-pages\/wp-json\/wp\/v2\/media?parent=1368"}],"wp:term":[{"taxonomy":"category","embeddable":true,"href":"https:\/\/www.nolana-schafe.de\/de-pages\/wp-json\/wp\/v2\/categories?post=1368"},{"taxonomy":"post_tag","embeddable":true,"href":"https:\/\/www.nolana-schafe.de\/de-pages\/wp-json\/wp\/v2\/tags?post=1368"}],"curies":[{"name":"wp","href":"https:\/\/api.w.org\/{rel}","templated":true}]}}