{"id":1377,"date":"2016-12-24T10:43:45","date_gmt":"2016-12-24T10:43:45","guid":{"rendered":"http:\/\/www.nolana-schafe.de\/de-pages\/?p=1377"},"modified":"2016-12-24T10:43:45","modified_gmt":"2016-12-24T10:43:45","slug":"01-10-16-schafhalterverein-siegerland-besucht-nolana-zuchtstaette-im-sauerland","status":"publish","type":"post","link":"https:\/\/www.nolana-schafe.de\/de-pages\/01-10-16-schafhalterverein-siegerland-besucht-nolana-zuchtstaette-im-sauerland\/","title":{"rendered":"01.10.16: Schafhalterverein Siegerland besucht Nolana-Zuchtst\u00e4tte im Sauerland"},"content":{"rendered":"<p>Am Samstag den 1. Oktober machte sich der Schafhalterverein Siegerland und Umgebung zu seiner j\u00e4hrlichen Lehrfahrt auf den Weg, um unter anderem auch das Nolana-Projekt kennen zu lernen. Der Schafhalterverein hat innerhalb seiner Mitglieder 19 verschiedene Schafrassen vorzuweisen.\u00a0Trotz der vielen verschiedenen Rassen der Mitglieder war das Interesse an dem &#8222;Nolana-Vormittag&#8220; hoch. Erfreulicherweise wird nun eine 20. Rasse unter den Mitgliedern hinzukommen: Das Nolana-Schaf. Ein Mitglied hat sich f\u00fcr das Nolana-Fleischschaf entschieden und wird dieses demn\u00e4chst auch im Herdbuch z\u00fcchten.<\/p>\n<p>Nachfolgend der Reisebericht von Herrn Waldemar Lixfeld, Gesch\u00e4ftsf\u00fchrer des &#8222;Kreisverbandes Schafhalter Siegerland und Umgebung&#8220;, der diesen dem Nolana-Netzwerk freundlicherweise zur Verf\u00fcgung gestellt hat:<\/p>\n<p>&nbsp;<\/p>\n<p class=\"western\"><em><b>Lehrfahrt des Kreisverbandes der Schafhalter Siegerland und Umgebung <\/b><\/em><\/p>\n<p class=\"western\"><em><span style=\"font-size: small;\"><b>Die Schafhalter wollten Nolana-Schafe kennen lernen&#8230;<\/b><\/span><\/em><\/p>\n<p class=\"western\"><em><span style=\"font-size: small;\">Dazu machten sich 50 Personen, Schafhalter, deren Partnerinnen und Freunde, am Samstag den 1. Okt.2016 fr\u00fchmorgens auf den Weg. Da der Zeitplan wieder kaum Freiraum hergab, wurde der Tagesproviant komplett mitgef\u00fchrt.<\/span><\/em><\/p>\n<p class=\"western\"><em><span style=\"font-size: small;\">Erstes Ziel um 9:00 Uhr war Medebach-<\/span><span style=\"font-size: small;\">D\u00fcdinghausen<\/span><span style=\"font-size: small;\"> im Sauerland. Hier waren wir mit dem Nolana- Landschafz\u00fcchter Hansi Gerbracht verabredet. Um, vom Wetter weitgehend unabh\u00e4ngig, etwas \u00fcber das Nolana-Netzwerk, sowie das Nolana- Projekt zu erfahren, hatte Hansi Gebracht das \u00f6rtliche Heimathaus \u201eDreggestobe\u201c ( Drechlerstube ) f\u00fcr uns reserviert. Hier konnten wir erst einmal unsere mitgef\u00fchrte hei\u00dfe Fleischwurst fr\u00fchst\u00fccken und bekamen dazu frischen Kaffee serviert.<\/span><\/em><\/p>\n<p class=\"western\"><em><span style=\"font-size: small;\">Nach der Begr\u00fc\u00dfung durch den 1.Vorsitzenden des Heimat- und Verkehrsvereins, Horst Frese, und einem geschichtlichen R\u00fcckblick auf die turbulenten Zeiten f\u00fcr <\/span><span style=\"font-size: small;\">D\u00fcdinghausen<\/span><span style=\"font-size: small;\">, w\u00e4hrend und nach dem drei\u00dfigj\u00e4hrigen Krieg, erfolgte der Einstieg in das Thema: Nolana- Projekt.<\/span><\/em><\/p>\n<p class=\"western\"><em><span style=\"font-size: small;\">Dr. Rolf Minhorst, erster Vorsitzender des Nolana-Netzwerkes, musste seinen zugesagten Vortrag kurzfristig, aus Gesundheitsgr\u00fcnden absagen, hatte aber seine PP-Pr\u00e4sentation zur Verf\u00fcgung gestellt, die durch Hansi Gerbracht vorgetragen wurde.<\/span><\/em><\/p>\n<p class=\"western\"><em><span style=\"font-size: small;\">Unterst\u00fctzung erhielt Hansi Gerbracht vom 2.Vorsitzenden Friedrich Melchior, der dazu extra aus B\u00fcnde angereist war, und anschaulich \u00fcber die R\u00fcckkreuzung seiner Suffolk-Herde mit Haarschafen berichtete, um sein Zuchtziel, das Nolana Fleischschaf, zu erreichen. <\/span><\/em><\/p>\n<p class=\"western\"><em><a name=\"_GoBack\"><\/a> <span style=\"font-size: small;\">Nach umfassender Theorie zur Zucht und Zahlen zur Wirtschaftlichkeit, ging es dann raus in die z\u00fcchterische Praxis .Hansi Gerbracht hatte dazu seine Nolana-Landschafe auf die Streuobstwiese, gleich hinter das Heimathaus gebracht und davon einige Tiere in Gatter gestellt, damit die Schafe aus n\u00e4chster N\u00e4he betrachtet und vor allem das Fell auch angefasst werden konnte. Direkt beim Schaf, wurden dem erfahrenen Nolana- Landschafz\u00fcchter, viele Fragen zur R\u00fcckkreuzung und Wirtschaftlichkeit gestellt, aus denen man erkennen konnte, dass f\u00fcr einzelne Schafhalter der Gruppe, die Nolana-Schafe durchaus eine Option darstellen.<\/span><\/em><\/p>\n<p class=\"western\"><em><span style=\"font-size: small;\">Als Ergebnis dieses zweist\u00fcndigen Besuches konnten wir au\u00dferdem mitnehmen, dass es sich beim Nolana-Netzwerk nicht nur um einen vielversprechenden Vereinsnamen handelt, sondern dass diese, f\u00fcr Ihr Zuchtziel brennenden Z\u00fcchter, auch wirklich gut vernetzt sind und sich gegenseitig bestens unterst\u00fctzen, wenn es darum geht, typische Wollschafz\u00fcchter f\u00fcr das Nolanaschaf zu begeistern und letztlich zu gewinnen.<\/span><\/em><\/p>\n<p class=\"western\"><em><span style=\"font-size: small;\">Den Schafz\u00fcchtern Hansi Gerbracht und Friedrich Melchior, sagen wir an dieser Stelle nochmals herzlichen Dank, dass Sie weder Zeit noch M\u00fche gescheut haben, um uns mit dem Nolana-Projekt vertraut zu machen und zum Erfolg unserer Sch\u00e4ferfahrt bei zu tragen ..<\/span><\/em><\/p>\n<p class=\"western\"><em><span style=\"font-size: small;\"> Waldemar Lixfeld <\/span><span style=\"font-size: xx-small;\">Gesch\u00e4ftsf\u00fchrer Kreisverband Schafhalter <\/span><\/em><\/p>\n<p class=\"western\"><em><span style=\"font-size: xx-small;\">Siegerland und Umgebung<\/span><\/em><\/p>\n","protected":false},"excerpt":{"rendered":"<p>Am Samstag den 1. Oktober machte sich der Schafhalterverein Siegerland und Umgebung zu seiner j\u00e4hrlichen Lehrfahrt auf den Weg, um unter anderem auch das Nolana-Projekt kennen zu lernen. Der Schafhalterverein hat innerhalb seiner Mitglieder 19 verschiedene Schafrassen vorzuweisen.\u00a0Trotz der vielen verschiedenen Rassen der Mitglieder war das Interesse an dem &#8222;Nolana-Vormittag&#8220; hoch. Erfreulicherweise wird nun eine&hellip;<\/p>\n","protected":false},"author":3,"featured_media":0,"comment_status":"closed","ping_status":"closed","sticky":false,"template":"","format":"standard","meta":{"footnotes":""},"categories":[1],"tags":[],"class_list":["post-1377","post","type-post","status-publish","format-standard","hentry","category-allgemein","category-1","description-off"],"_links":{"self":[{"href":"https:\/\/www.nolana-schafe.de\/de-pages\/wp-json\/wp\/v2\/posts\/1377","targetHints":{"allow":["GET"]}}],"collection":[{"href":"https:\/\/www.nolana-schafe.de\/de-pages\/wp-json\/wp\/v2\/posts"}],"about":[{"href":"https:\/\/www.nolana-schafe.de\/de-pages\/wp-json\/wp\/v2\/types\/post"}],"author":[{"embeddable":true,"href":"https:\/\/www.nolana-schafe.de\/de-pages\/wp-json\/wp\/v2\/users\/3"}],"replies":[{"embeddable":true,"href":"https:\/\/www.nolana-schafe.de\/de-pages\/wp-json\/wp\/v2\/comments?post=1377"}],"version-history":[{"count":2,"href":"https:\/\/www.nolana-schafe.de\/de-pages\/wp-json\/wp\/v2\/posts\/1377\/revisions"}],"predecessor-version":[{"id":1379,"href":"https:\/\/www.nolana-schafe.de\/de-pages\/wp-json\/wp\/v2\/posts\/1377\/revisions\/1379"}],"wp:attachment":[{"href":"https:\/\/www.nolana-schafe.de\/de-pages\/wp-json\/wp\/v2\/media?parent=1377"}],"wp:term":[{"taxonomy":"category","embeddable":true,"href":"https:\/\/www.nolana-schafe.de\/de-pages\/wp-json\/wp\/v2\/categories?post=1377"},{"taxonomy":"post_tag","embeddable":true,"href":"https:\/\/www.nolana-schafe.de\/de-pages\/wp-json\/wp\/v2\/tags?post=1377"}],"curies":[{"name":"wp","href":"https:\/\/api.w.org\/{rel}","templated":true}]}}