{"id":1597,"date":"2018-11-20T21:13:11","date_gmt":"2018-11-20T21:13:11","guid":{"rendered":"https:\/\/www.nolana-schafe.de\/de-pages\/?p=1597"},"modified":"2018-11-20T21:13:11","modified_gmt":"2018-11-20T21:13:11","slug":"neue-zuchtprogramme-nol-und-bhs-verabschiedet","status":"publish","type":"post","link":"https:\/\/www.nolana-schafe.de\/de-pages\/neue-zuchtprogramme-nol-und-bhs-verabschiedet\/","title":{"rendered":"Neue Zuchtprogramme NOL und BHS verabschiedet"},"content":{"rendered":"<p>Mit der Novelle der EU-Tierzuchtverordnung zum 01.11.2018 liegen nun auch die final beschlossenen und genehmigten Zuchtprogramme <strong>&#8222;Braunes Haarschaf&#8220;<\/strong> und <strong>&#8222;Nolana&#8220;<\/strong> mit Datum des Inkrafttretens zum 01.11.2018 vor.<\/p>\n<p>Exemplarisch haben wir die neuen Zuchtprogramme in der Fassung f\u00fcr die Schafz\u00fcchtervereinigung NRW mit freundlicher Genehmigung nachfolgend hinterlegt:<\/p>\n<p><em><a href=\"https:\/\/www.nolana-schafe.de\/de-pages\/wp-content\/uploads\/ZP_BraunesHaarschaf.pdf\">ZP_BraunesHaarschaf<\/a><\/em><\/p>\n<p><em><a href=\"https:\/\/www.nolana-schafe.de\/de-pages\/wp-content\/uploads\/ZP_Nolana.pdf\">ZP_Nolana<\/a><\/em><\/p>\n<p>Das ehemalige &#8222;Nolana-Fleischschaf&#8220; wird nun unter dem Rassenamen &#8222;Nolana&#8220; gef\u00fchrt und wurde der Rassegruppe: &#8222;Fleischschafe&#8220; zugeordnet.<\/p>\n<p>Das ehemalige &#8222;Nolana-Landschaf&#8220; wird nun unter dem Rassenamen &#8222;Braunes Haarschaf&#8220; gef\u00fchrt und wurde der Rassegruppe: &#8222;Landschafe&#8220; zugeordnet.<\/p>\n<p>Bei beiden Rassen werden die Zuchtziele mit der Zuchtmethode der Reinzucht angestrebt.<\/p>\n<p>Die Besonderheit beim &#8222;Braunen Haarschaf&#8220; ist die, dass diese Rasse unter der Begrifflichkeit &#8222;Neuz\u00fcchtung&#8220; gef\u00fchrt wird, da es diesen Rassenamen bisher nicht gab.<\/p>\n<p>Dadurch findet die s. g. &#8222;Robustrassenregelung&#8220; Anwendung, welche eine Erleichterung f\u00fcr die Zuchtbucheinteilung nach sich zieht. So k\u00f6nnen derzeit zum Beispiel noch B\u00f6cke aus der Zusatzabteiung C eingesetzt werden.<\/p>\n<p>Weitere Einzelheiten findet ihr in den entsprechenden Zuchtprogrammen.<\/p>\n<p>&nbsp;<\/p>\n<p>&nbsp;<\/p>\n<p>&nbsp;<\/p>\n<p>&nbsp;<\/p>\n","protected":false},"excerpt":{"rendered":"<p>Mit der Novelle der EU-Tierzuchtverordnung zum 01.11.2018 liegen nun auch die final beschlossenen und genehmigten Zuchtprogramme &#8222;Braunes Haarschaf&#8220; und &#8222;Nolana&#8220; mit Datum des Inkrafttretens zum 01.11.2018 vor. Exemplarisch haben wir die neuen Zuchtprogramme in der Fassung f\u00fcr die Schafz\u00fcchtervereinigung NRW mit freundlicher Genehmigung nachfolgend hinterlegt: ZP_BraunesHaarschaf ZP_Nolana Das ehemalige &#8222;Nolana-Fleischschaf&#8220; wird nun unter dem Rassenamen&hellip;<\/p>\n","protected":false},"author":3,"featured_media":0,"comment_status":"closed","ping_status":"closed","sticky":false,"template":"","format":"standard","meta":{"footnotes":""},"categories":[1],"tags":[],"class_list":["post-1597","post","type-post","status-publish","format-standard","hentry","category-allgemein","category-1","description-off"],"_links":{"self":[{"href":"https:\/\/www.nolana-schafe.de\/de-pages\/wp-json\/wp\/v2\/posts\/1597","targetHints":{"allow":["GET"]}}],"collection":[{"href":"https:\/\/www.nolana-schafe.de\/de-pages\/wp-json\/wp\/v2\/posts"}],"about":[{"href":"https:\/\/www.nolana-schafe.de\/de-pages\/wp-json\/wp\/v2\/types\/post"}],"author":[{"embeddable":true,"href":"https:\/\/www.nolana-schafe.de\/de-pages\/wp-json\/wp\/v2\/users\/3"}],"replies":[{"embeddable":true,"href":"https:\/\/www.nolana-schafe.de\/de-pages\/wp-json\/wp\/v2\/comments?post=1597"}],"version-history":[{"count":2,"href":"https:\/\/www.nolana-schafe.de\/de-pages\/wp-json\/wp\/v2\/posts\/1597\/revisions"}],"predecessor-version":[{"id":1601,"href":"https:\/\/www.nolana-schafe.de\/de-pages\/wp-json\/wp\/v2\/posts\/1597\/revisions\/1601"}],"wp:attachment":[{"href":"https:\/\/www.nolana-schafe.de\/de-pages\/wp-json\/wp\/v2\/media?parent=1597"}],"wp:term":[{"taxonomy":"category","embeddable":true,"href":"https:\/\/www.nolana-schafe.de\/de-pages\/wp-json\/wp\/v2\/categories?post=1597"},{"taxonomy":"post_tag","embeddable":true,"href":"https:\/\/www.nolana-schafe.de\/de-pages\/wp-json\/wp\/v2\/tags?post=1597"}],"curies":[{"name":"wp","href":"https:\/\/api.w.org\/{rel}","templated":true}]}}