{"id":1609,"date":"2018-11-30T20:50:56","date_gmt":"2018-11-30T20:50:56","guid":{"rendered":"https:\/\/www.nolana-schafe.de\/de-pages\/?p=1609"},"modified":"2019-01-03T07:15:04","modified_gmt":"2019-01-03T07:15:04","slug":"verabschiebung-dr-brueggemann-nolana-netzwerk-ueberreicht-praesentkorb","status":"publish","type":"post","link":"https:\/\/www.nolana-schafe.de\/de-pages\/verabschiebung-dr-brueggemann-nolana-netzwerk-ueberreicht-praesentkorb\/","title":{"rendered":"Verabschiedung Dr. Br\u00fcggemann \u2013 Nolana-Netzwerk \u00fcberreicht Pr\u00e4sentkorb"},"content":{"rendered":"<div id=\"attachment_1610\" style=\"width: 453px\" class=\"wp-caption aligncenter\"><img loading=\"lazy\" decoding=\"async\" aria-describedby=\"caption-attachment-1610\" class=\"wp-image-1610\" src=\"https:\/\/www.nolana-schafe.de\/de-pages\/wp-content\/uploads\/Verabschiedung-Dr.-Br\u00fcggemann-300x225.jpg\" alt=\"\" width=\"443\" height=\"332\" srcset=\"https:\/\/www.nolana-schafe.de\/de-pages\/wp-content\/uploads\/Verabschiedung-Dr.-Br\u00fcggemann-300x225.jpg 300w, https:\/\/www.nolana-schafe.de\/de-pages\/wp-content\/uploads\/Verabschiedung-Dr.-Br\u00fcggemann-768x576.jpg 768w, https:\/\/www.nolana-schafe.de\/de-pages\/wp-content\/uploads\/Verabschiedung-Dr.-Br\u00fcggemann.jpg 970w\" sizes=\"auto, (max-width: 443px) 100vw, 443px\" \/><p id=\"caption-attachment-1610\" class=\"wp-caption-text\">Foto: Barkhausen, SZV NRW<\/p><\/div>\n<div><strong><em>Am 31.10.2018\u00a0wurde der langj\u00e4hrige Gesch\u00e4ftsf\u00fchrer und Zuchtleiter des Schafzuchverbandes NRW, Dr. Ernst Br\u00fcggemann, in den verdienten Ruhestand verabschiedet. Zur Feierstunde, die im Pavillon des Landwirtschaftszentrums Haus D\u00fcsse bei Soest stattfand, war auch Ulf Helming eingeladen. Dieser nutzte die Gelegenheit, sich im Namen des Nolana-Netzwerkes herzlich bei Dr. Br\u00fcggemann f\u00fcr seinen intensiven Einsatz f\u00fcr die Nolana-Zucht bzw. Zucht des Braunen Haarschafes mit einem Pr\u00e4sentkorb\u00a0zu bedanken.<\/em><\/strong><\/div>\n<div><strong><em>Er brachte zum Ausdruck, dass Dr. Br\u00fcggemann durch sein gro\u00dfes Engagement\u00a0gerade auch in Bezug auf Entwicklung von Zuchtprogrammen und den dazu geh\u00f6renden offiziellen Regelungen uns den Weg geebnet hat, zwei Haarschafrassen zu entwickeln, die mittlerweile auch international gro\u00dfe Anerkennung gefunden haben.<\/em><\/strong><\/div>\n<div><\/div>\n","protected":false},"excerpt":{"rendered":"<p>Am 31.10.2018\u00a0wurde der langj\u00e4hrige Gesch\u00e4ftsf\u00fchrer und Zuchtleiter des Schafzuchverbandes NRW, Dr. Ernst Br\u00fcggemann, in den verdienten Ruhestand verabschiedet. Zur Feierstunde, die im Pavillon des Landwirtschaftszentrums Haus D\u00fcsse bei Soest stattfand, war auch Ulf Helming eingeladen. Dieser nutzte die Gelegenheit, sich im Namen des Nolana-Netzwerkes herzlich bei Dr. Br\u00fcggemann f\u00fcr seinen intensiven Einsatz f\u00fcr die Nolana-Zucht&hellip;<\/p>\n","protected":false},"author":3,"featured_media":0,"comment_status":"closed","ping_status":"closed","sticky":false,"template":"","format":"standard","meta":{"footnotes":""},"categories":[1],"tags":[],"class_list":["post-1609","post","type-post","status-publish","format-standard","hentry","category-allgemein","category-1","description-off"],"_links":{"self":[{"href":"https:\/\/www.nolana-schafe.de\/de-pages\/wp-json\/wp\/v2\/posts\/1609","targetHints":{"allow":["GET"]}}],"collection":[{"href":"https:\/\/www.nolana-schafe.de\/de-pages\/wp-json\/wp\/v2\/posts"}],"about":[{"href":"https:\/\/www.nolana-schafe.de\/de-pages\/wp-json\/wp\/v2\/types\/post"}],"author":[{"embeddable":true,"href":"https:\/\/www.nolana-schafe.de\/de-pages\/wp-json\/wp\/v2\/users\/3"}],"replies":[{"embeddable":true,"href":"https:\/\/www.nolana-schafe.de\/de-pages\/wp-json\/wp\/v2\/comments?post=1609"}],"version-history":[{"count":5,"href":"https:\/\/www.nolana-schafe.de\/de-pages\/wp-json\/wp\/v2\/posts\/1609\/revisions"}],"predecessor-version":[{"id":1642,"href":"https:\/\/www.nolana-schafe.de\/de-pages\/wp-json\/wp\/v2\/posts\/1609\/revisions\/1642"}],"wp:attachment":[{"href":"https:\/\/www.nolana-schafe.de\/de-pages\/wp-json\/wp\/v2\/media?parent=1609"}],"wp:term":[{"taxonomy":"category","embeddable":true,"href":"https:\/\/www.nolana-schafe.de\/de-pages\/wp-json\/wp\/v2\/categories?post=1609"},{"taxonomy":"post_tag","embeddable":true,"href":"https:\/\/www.nolana-schafe.de\/de-pages\/wp-json\/wp\/v2\/tags?post=1609"}],"curies":[{"name":"wp","href":"https:\/\/api.w.org\/{rel}","templated":true}]}}