{"id":1655,"date":"2019-05-09T18:25:12","date_gmt":"2019-05-09T18:25:12","guid":{"rendered":"https:\/\/www.nolana-schafe.de\/de-pages\/?p=1655"},"modified":"2019-05-10T06:02:03","modified_gmt":"2019-05-10T06:02:03","slug":"artikel-ueber-das-braune-haarschaf-von-benedikt-huettemann-in-der-lz-rheinland","status":"publish","type":"post","link":"https:\/\/www.nolana-schafe.de\/de-pages\/artikel-ueber-das-braune-haarschaf-von-benedikt-huettemann-in-der-lz-rheinland\/","title":{"rendered":"Artikel \u00fcber das Braune Haarschaf aus der Zucht von Benedikt H\u00fcttemann in der LZ Rheinland"},"content":{"rendered":"<p>In der aktuellen Ausgabe (18-2019) der Landwirtschaftlichen Zeitung Rheinland (LZ Rheinland) wird \u00fcber die Herde unseres 2. Vorsitzenden Benedikt H\u00fcttemann berichtet. Zum einen \u00fcber die ab\u00a001.11.2018 anerkannte Rasse &#8222;Braunes Haarschaf&#8220;, zum anderen \u00fcber die Wolfsproblematik. Leider hatte Benedikt auch schon einen Wolfs\u00fcbergriff hinzunehmen.<\/p>\n<p>&nbsp;<\/p>\n<p>Mit Klick auf &#8211;&gt;\u00a0<a href=\"https:\/\/www.nolana-schafe.de\/de-pages\/wp-content\/uploads\/LZ_2019_18.pdf\">LZ_2019_18<\/a> k\u00f6nnt ihr selbst nachlesen.<\/p>\n","protected":false},"excerpt":{"rendered":"<p>In der aktuellen Ausgabe (18-2019) der Landwirtschaftlichen Zeitung Rheinland (LZ Rheinland) wird \u00fcber die Herde unseres 2. Vorsitzenden Benedikt H\u00fcttemann berichtet. Zum einen \u00fcber die ab\u00a001.11.2018 anerkannte Rasse &#8222;Braunes Haarschaf&#8220;, zum anderen \u00fcber die Wolfsproblematik. Leider hatte Benedikt auch schon einen Wolfs\u00fcbergriff hinzunehmen. &nbsp; Mit Klick auf &#8211;&gt;\u00a0LZ_2019_18 k\u00f6nnt ihr selbst nachlesen.<\/p>\n","protected":false},"author":3,"featured_media":0,"comment_status":"closed","ping_status":"closed","sticky":false,"template":"","format":"standard","meta":{"footnotes":""},"categories":[1],"tags":[],"class_list":["post-1655","post","type-post","status-publish","format-standard","hentry","category-allgemein","category-1","description-off"],"_links":{"self":[{"href":"https:\/\/www.nolana-schafe.de\/de-pages\/wp-json\/wp\/v2\/posts\/1655","targetHints":{"allow":["GET"]}}],"collection":[{"href":"https:\/\/www.nolana-schafe.de\/de-pages\/wp-json\/wp\/v2\/posts"}],"about":[{"href":"https:\/\/www.nolana-schafe.de\/de-pages\/wp-json\/wp\/v2\/types\/post"}],"author":[{"embeddable":true,"href":"https:\/\/www.nolana-schafe.de\/de-pages\/wp-json\/wp\/v2\/users\/3"}],"replies":[{"embeddable":true,"href":"https:\/\/www.nolana-schafe.de\/de-pages\/wp-json\/wp\/v2\/comments?post=1655"}],"version-history":[{"count":3,"href":"https:\/\/www.nolana-schafe.de\/de-pages\/wp-json\/wp\/v2\/posts\/1655\/revisions"}],"predecessor-version":[{"id":1666,"href":"https:\/\/www.nolana-schafe.de\/de-pages\/wp-json\/wp\/v2\/posts\/1655\/revisions\/1666"}],"wp:attachment":[{"href":"https:\/\/www.nolana-schafe.de\/de-pages\/wp-json\/wp\/v2\/media?parent=1655"}],"wp:term":[{"taxonomy":"category","embeddable":true,"href":"https:\/\/www.nolana-schafe.de\/de-pages\/wp-json\/wp\/v2\/categories?post=1655"},{"taxonomy":"post_tag","embeddable":true,"href":"https:\/\/www.nolana-schafe.de\/de-pages\/wp-json\/wp\/v2\/tags?post=1655"}],"curies":[{"name":"wp","href":"https:\/\/api.w.org\/{rel}","templated":true}]}}