{"id":1681,"date":"2019-06-18T06:03:29","date_gmt":"2019-06-18T06:03:29","guid":{"rendered":"https:\/\/www.nolana-schafe.de\/de-pages\/?p=1681"},"modified":"2019-06-18T06:03:29","modified_gmt":"2019-06-18T06:03:29","slug":"terminblocker-21-22-september-2019-jahresveranstaltung-des-nolana-netzwerks","status":"publish","type":"post","link":"https:\/\/www.nolana-schafe.de\/de-pages\/terminblocker-21-22-september-2019-jahresveranstaltung-des-nolana-netzwerks\/","title":{"rendered":"Terminblocker: 21.\/22. September 2019 &#8211; Jahresveranstaltung des Nolana-Netzwerks"},"content":{"rendered":"<p>Bitte schon einmal den Termin f\u00fcr die diesj\u00e4hrige Nolana-Veranstaltung vormerken:<\/p>\n<p>Samstag 21.9. und Sonntag 22.9.19<\/p>\n<p>Die Veranstaltung findet wieder auf dem Gel\u00e4nde des Sender Wildhandels in Verl statt, die Adresse lautet:<\/p>\n<p>Im Bruch 46, 33415 Verl<\/p>\n","protected":false},"excerpt":{"rendered":"<p>Bitte schon einmal den Termin f\u00fcr die diesj\u00e4hrige Nolana-Veranstaltung vormerken: Samstag 21.9. und Sonntag 22.9.19 Die Veranstaltung findet wieder auf dem Gel\u00e4nde des Sender Wildhandels in Verl statt, die Adresse lautet: Im Bruch 46, 33415 Verl<\/p>\n","protected":false},"author":3,"featured_media":0,"comment_status":"closed","ping_status":"closed","sticky":false,"template":"","format":"standard","meta":{"footnotes":""},"categories":[1],"tags":[],"class_list":["post-1681","post","type-post","status-publish","format-standard","hentry","category-allgemein","category-1","description-off"],"_links":{"self":[{"href":"https:\/\/www.nolana-schafe.de\/de-pages\/wp-json\/wp\/v2\/posts\/1681","targetHints":{"allow":["GET"]}}],"collection":[{"href":"https:\/\/www.nolana-schafe.de\/de-pages\/wp-json\/wp\/v2\/posts"}],"about":[{"href":"https:\/\/www.nolana-schafe.de\/de-pages\/wp-json\/wp\/v2\/types\/post"}],"author":[{"embeddable":true,"href":"https:\/\/www.nolana-schafe.de\/de-pages\/wp-json\/wp\/v2\/users\/3"}],"replies":[{"embeddable":true,"href":"https:\/\/www.nolana-schafe.de\/de-pages\/wp-json\/wp\/v2\/comments?post=1681"}],"version-history":[{"count":1,"href":"https:\/\/www.nolana-schafe.de\/de-pages\/wp-json\/wp\/v2\/posts\/1681\/revisions"}],"predecessor-version":[{"id":1682,"href":"https:\/\/www.nolana-schafe.de\/de-pages\/wp-json\/wp\/v2\/posts\/1681\/revisions\/1682"}],"wp:attachment":[{"href":"https:\/\/www.nolana-schafe.de\/de-pages\/wp-json\/wp\/v2\/media?parent=1681"}],"wp:term":[{"taxonomy":"category","embeddable":true,"href":"https:\/\/www.nolana-schafe.de\/de-pages\/wp-json\/wp\/v2\/categories?post=1681"},{"taxonomy":"post_tag","embeddable":true,"href":"https:\/\/www.nolana-schafe.de\/de-pages\/wp-json\/wp\/v2\/tags?post=1681"}],"curies":[{"name":"wp","href":"https:\/\/api.w.org\/{rel}","templated":true}]}}