{"id":1830,"date":"2021-04-10T11:32:22","date_gmt":"2021-04-10T11:32:22","guid":{"rendered":"https:\/\/www.nolana-schafe.de\/de-pages\/?p=1830"},"modified":"2021-04-10T14:21:16","modified_gmt":"2021-04-10T14:21:16","slug":"1-und-2-vulkan-trial-in-uexheim-an-braunen-haarschafen","status":"publish","type":"post","link":"https:\/\/www.nolana-schafe.de\/de-pages\/1-und-2-vulkan-trial-in-uexheim-an-braunen-haarschafen\/","title":{"rendered":"1. und 2. Vulkan-Trial in \u00dcxheim an Braunen Haarschafen"},"content":{"rendered":"<p>Im Oktober 2020 fanden das 1. und 2. Vulkan-Trial in \u00dcxheim statt. Ausgerichtet wurde dieser H\u00fctewettbewerb durch unsere Mitglieder Jan und Andrea Engelmeyer an deren sch\u00f6ner Herde von Braunen Haarschafen. Mit Klick auf diesen\u00a0 Link &#8211;&gt; <a href=\"https:\/\/www.nolana-schafe.de\/de-pages\/wp-content\/uploads\/Vulkan-Trials.pdf\">Vulkan-Trial<\/a> findet ihr einen ausf\u00fchrlichen Artikel \u00fcber diese Veranstaltung. Der Vereinsvorstand freut sich \u00fcber das Engagement von Jan und Andrea und bedankt sich ausdr\u00fccklich.<\/p>\n","protected":false},"excerpt":{"rendered":"<p>Im Oktober 2020 fanden das 1. und 2. Vulkan-Trial in \u00dcxheim statt. Ausgerichtet wurde dieser H\u00fctewettbewerb durch unsere Mitglieder Jan und Andrea Engelmeyer an deren sch\u00f6ner Herde von Braunen Haarschafen. Mit Klick auf diesen\u00a0 Link &#8211;&gt; Vulkan-Trial findet ihr einen ausf\u00fchrlichen Artikel \u00fcber diese Veranstaltung. Der Vereinsvorstand freut sich \u00fcber das Engagement von Jan und&hellip;<\/p>\n","protected":false},"author":3,"featured_media":0,"comment_status":"closed","ping_status":"closed","sticky":false,"template":"","format":"standard","meta":{"footnotes":""},"categories":[1],"tags":[],"class_list":["post-1830","post","type-post","status-publish","format-standard","hentry","category-allgemein","category-1","description-off"],"_links":{"self":[{"href":"https:\/\/www.nolana-schafe.de\/de-pages\/wp-json\/wp\/v2\/posts\/1830","targetHints":{"allow":["GET"]}}],"collection":[{"href":"https:\/\/www.nolana-schafe.de\/de-pages\/wp-json\/wp\/v2\/posts"}],"about":[{"href":"https:\/\/www.nolana-schafe.de\/de-pages\/wp-json\/wp\/v2\/types\/post"}],"author":[{"embeddable":true,"href":"https:\/\/www.nolana-schafe.de\/de-pages\/wp-json\/wp\/v2\/users\/3"}],"replies":[{"embeddable":true,"href":"https:\/\/www.nolana-schafe.de\/de-pages\/wp-json\/wp\/v2\/comments?post=1830"}],"version-history":[{"count":3,"href":"https:\/\/www.nolana-schafe.de\/de-pages\/wp-json\/wp\/v2\/posts\/1830\/revisions"}],"predecessor-version":[{"id":1833,"href":"https:\/\/www.nolana-schafe.de\/de-pages\/wp-json\/wp\/v2\/posts\/1830\/revisions\/1833"}],"wp:attachment":[{"href":"https:\/\/www.nolana-schafe.de\/de-pages\/wp-json\/wp\/v2\/media?parent=1830"}],"wp:term":[{"taxonomy":"category","embeddable":true,"href":"https:\/\/www.nolana-schafe.de\/de-pages\/wp-json\/wp\/v2\/categories?post=1830"},{"taxonomy":"post_tag","embeddable":true,"href":"https:\/\/www.nolana-schafe.de\/de-pages\/wp-json\/wp\/v2\/tags?post=1830"}],"curies":[{"name":"wp","href":"https:\/\/api.w.org\/{rel}","templated":true}]}}