{"id":1845,"date":"2021-06-22T14:01:11","date_gmt":"2021-06-22T14:01:11","guid":{"rendered":"https:\/\/www.nolana-schafe.de\/de-pages\/?p=1845"},"modified":"2021-06-22T14:01:42","modified_gmt":"2021-06-22T14:01:42","slug":"braune-haarschafe-im-br-fernsehen-sendereihe-unser-land","status":"publish","type":"post","link":"https:\/\/www.nolana-schafe.de\/de-pages\/braune-haarschafe-im-br-fernsehen-sendereihe-unser-land\/","title":{"rendered":"Braune Haarschafe im BR-Fernsehen, Sendereihe &#8222;Unser Land&#8220;"},"content":{"rendered":"<p>Am Freitag, den 18.06.2021 zeigte das BR-Fernsehen im Rahmen der Sendereihe &#8222;Unser Land&#8220; einen sch\u00f6nen Fernsehbericht \u00fcber das Braune Haarschaf.<\/p>\n<p>Es wurde die Herdbuchzucht mit ihrer sch\u00f6nen Herde Brauner Haarschafe von dem Z\u00fcchterpaar Angelika Hummel und Dr. Karl-Heinz Lindenlaub aus 94550 K\u00fcnzing vorgestellt. Aktuell ist dieser Fernsehbeitrag noch in der Mediathek oder aber bei youtube mit Klick auf &#8211;&gt;\u00a0<a href=\"https:\/\/www.youtube.com\/watch?v=L2Zehwh0dOM\">Unser Land &#8211; Braunes Haarschaf<\/a> abrufbar.<\/p>\n","protected":false},"excerpt":{"rendered":"<p>Am Freitag, den 18.06.2021 zeigte das BR-Fernsehen im Rahmen der Sendereihe &#8222;Unser Land&#8220; einen sch\u00f6nen Fernsehbericht \u00fcber das Braune Haarschaf. Es wurde die Herdbuchzucht mit ihrer sch\u00f6nen Herde Brauner Haarschafe von dem Z\u00fcchterpaar Angelika Hummel und Dr. Karl-Heinz Lindenlaub aus 94550 K\u00fcnzing vorgestellt. Aktuell ist dieser Fernsehbeitrag noch in der Mediathek oder aber bei youtube&hellip;<\/p>\n","protected":false},"author":3,"featured_media":0,"comment_status":"closed","ping_status":"closed","sticky":false,"template":"","format":"standard","meta":{"footnotes":""},"categories":[1],"tags":[],"class_list":["post-1845","post","type-post","status-publish","format-standard","hentry","category-allgemein","category-1","description-off"],"_links":{"self":[{"href":"https:\/\/www.nolana-schafe.de\/de-pages\/wp-json\/wp\/v2\/posts\/1845","targetHints":{"allow":["GET"]}}],"collection":[{"href":"https:\/\/www.nolana-schafe.de\/de-pages\/wp-json\/wp\/v2\/posts"}],"about":[{"href":"https:\/\/www.nolana-schafe.de\/de-pages\/wp-json\/wp\/v2\/types\/post"}],"author":[{"embeddable":true,"href":"https:\/\/www.nolana-schafe.de\/de-pages\/wp-json\/wp\/v2\/users\/3"}],"replies":[{"embeddable":true,"href":"https:\/\/www.nolana-schafe.de\/de-pages\/wp-json\/wp\/v2\/comments?post=1845"}],"version-history":[{"count":1,"href":"https:\/\/www.nolana-schafe.de\/de-pages\/wp-json\/wp\/v2\/posts\/1845\/revisions"}],"predecessor-version":[{"id":1846,"href":"https:\/\/www.nolana-schafe.de\/de-pages\/wp-json\/wp\/v2\/posts\/1845\/revisions\/1846"}],"wp:attachment":[{"href":"https:\/\/www.nolana-schafe.de\/de-pages\/wp-json\/wp\/v2\/media?parent=1845"}],"wp:term":[{"taxonomy":"category","embeddable":true,"href":"https:\/\/www.nolana-schafe.de\/de-pages\/wp-json\/wp\/v2\/categories?post=1845"},{"taxonomy":"post_tag","embeddable":true,"href":"https:\/\/www.nolana-schafe.de\/de-pages\/wp-json\/wp\/v2\/tags?post=1845"}],"curies":[{"name":"wp","href":"https:\/\/api.w.org\/{rel}","templated":true}]}}