{"id":2023,"date":"2022-12-23T19:09:26","date_gmt":"2022-12-23T19:09:26","guid":{"rendered":"https:\/\/www.nolana-schafe.de\/de-pages\/?p=2023"},"modified":"2022-12-23T19:14:31","modified_gmt":"2022-12-23T19:14:31","slug":"frohe-weihnachten-und-einen-guten-rutsch","status":"publish","type":"post","link":"https:\/\/www.nolana-schafe.de\/de-pages\/frohe-weihnachten-und-einen-guten-rutsch\/","title":{"rendered":"Frohe Weihnachten und einen guten Rutsch!"},"content":{"rendered":"<p>Der Vorstand des Nolana-Netzwerks Deutschland e. V. w\u00fcnscht allen Mitgliedern und Interessierten der Haarschafzucht mit ihren Familien, Freunden und Bekannten ein geruhsames und sch\u00f6nes Weihnachtsfest, ebenso einen guten Rutsch ins neue Jahr 2023, sowie eine m\u00f6glichst reibungslose und erfolgreiche Lammzeit.<\/p>\n<p>Wir freuen uns, mit euch bei der einen oder anderen Veranstaltung wieder in einen regen Austausch zu kommen und auch neue Mitglieder und Interessierte kennen zu lernen.<\/p>\n<p>Als erstes ist hier sicher die Nolana-Hauptversammlung am 9. September 2023 in Wettin zu nennen, aber auch die ein oder andere lokale Veranstaltung oder auch die Besichtigung von Herden bieten dazu gute Gelegenheiten. Zudem haben sich f\u00fcr 2023 auch wieder unsere Schweizer Z\u00fcchterkollegen und -freunde zu einem Herden-Besuch in Deutschland angek\u00fcndigt.<\/p>\n<p>Bei den Schaftagen auf Haus D\u00fcsse werden zur K\u00f6r- und Absatzveranstaltung am Sonntag, 13. August Kollektionen von Nolanas und Braunen Haarschafen aufgetrieben. Diese Veranstaltung war in diesem Jahr sehr gut besucht, so dass wir hoffen, durch die Ausstellung unserer beiden Schafrassen NOLANA und BHS diese dort weiter bekannt machen zu k\u00f6nnen.<\/p>\n<p>&nbsp;<\/p>\n","protected":false},"excerpt":{"rendered":"<p>Der Vorstand des Nolana-Netzwerks Deutschland e. V. w\u00fcnscht allen Mitgliedern und Interessierten der Haarschafzucht mit ihren Familien, Freunden und Bekannten ein geruhsames und sch\u00f6nes Weihnachtsfest, ebenso einen guten Rutsch ins neue Jahr 2023, sowie eine m\u00f6glichst reibungslose und erfolgreiche Lammzeit. Wir freuen uns, mit euch bei der einen oder anderen Veranstaltung wieder in einen regen&hellip;<\/p>\n","protected":false},"author":3,"featured_media":0,"comment_status":"closed","ping_status":"closed","sticky":false,"template":"","format":"standard","meta":{"footnotes":""},"categories":[1],"tags":[],"class_list":["post-2023","post","type-post","status-publish","format-standard","hentry","category-allgemein","category-1","description-off"],"_links":{"self":[{"href":"https:\/\/www.nolana-schafe.de\/de-pages\/wp-json\/wp\/v2\/posts\/2023","targetHints":{"allow":["GET"]}}],"collection":[{"href":"https:\/\/www.nolana-schafe.de\/de-pages\/wp-json\/wp\/v2\/posts"}],"about":[{"href":"https:\/\/www.nolana-schafe.de\/de-pages\/wp-json\/wp\/v2\/types\/post"}],"author":[{"embeddable":true,"href":"https:\/\/www.nolana-schafe.de\/de-pages\/wp-json\/wp\/v2\/users\/3"}],"replies":[{"embeddable":true,"href":"https:\/\/www.nolana-schafe.de\/de-pages\/wp-json\/wp\/v2\/comments?post=2023"}],"version-history":[{"count":3,"href":"https:\/\/www.nolana-schafe.de\/de-pages\/wp-json\/wp\/v2\/posts\/2023\/revisions"}],"predecessor-version":[{"id":2026,"href":"https:\/\/www.nolana-schafe.de\/de-pages\/wp-json\/wp\/v2\/posts\/2023\/revisions\/2026"}],"wp:attachment":[{"href":"https:\/\/www.nolana-schafe.de\/de-pages\/wp-json\/wp\/v2\/media?parent=2023"}],"wp:term":[{"taxonomy":"category","embeddable":true,"href":"https:\/\/www.nolana-schafe.de\/de-pages\/wp-json\/wp\/v2\/categories?post=2023"},{"taxonomy":"post_tag","embeddable":true,"href":"https:\/\/www.nolana-schafe.de\/de-pages\/wp-json\/wp\/v2\/tags?post=2023"}],"curies":[{"name":"wp","href":"https:\/\/api.w.org\/{rel}","templated":true}]}}