{"id":2051,"date":"2023-07-28T07:16:36","date_gmt":"2023-07-28T07:16:36","guid":{"rendered":"https:\/\/www.nolana-schafe.de\/de-pages\/?p=2051"},"modified":"2023-07-28T07:30:37","modified_gmt":"2023-07-28T07:30:37","slug":"programm-jahresversammlung-nolana-netzwerk-deutschland-e-v-steht","status":"publish","type":"post","link":"https:\/\/www.nolana-schafe.de\/de-pages\/programm-jahresversammlung-nolana-netzwerk-deutschland-e-v-steht\/","title":{"rendered":"Programm Jahresversammlung Nolana-Netzwerk Deutschland e. V. steht"},"content":{"rendered":"<p>Nachfolgend findet ihr das Programm der diesj\u00e4hrigen Jahreshauptversammlung:<\/p>\n<p><a href=\"https:\/\/www.nolana-schafe.de\/de-pages\/wp-content\/uploads\/Nolana_Mitgliederversammlung_2023_A5_PRINT.pdf\">Nolana_Mitgliederversammlung_2023<\/a><\/p>\n<p>Eingeladen sind neben den Vereinsmitgliedern ausdr\u00fccklich auch alle haarschafinteressierten Schafhalter, Hobbysch\u00e4fer, Unterst\u00fctzer, etc. &#8230; und solche, die es noch werden wollen und sich gerne zum Thema Haarschafe informieren wollen.<\/p>\n<p>Nolana-Netzwerk Deutschland e.V.<br \/>\n16. ordentliche<br \/>\nMitgliederversammlung<\/p>\n<p>Wann: Samstag, 9. September 2023<br \/>\nWo: \u201ePicknick am Wegesrand\u201c, Wettin-L\u00f6bej\u00fcn, OT M\u00fccheln<br \/>\nBeginn: 09:30 Uhr (Eintreffen)<\/p>\n<p>9:30 Uhr &#8211; 18:00 Uhr:<br \/>\n9:30 Uhr: Begr\u00fc\u00dfungskaffee<br \/>\nVereinsregularien bis ca. 12:30 Uhr<\/p>\n<p>Gemeinsame Mittagspause<\/p>\n<p>Ab 13:30 Uhr: Tierbegutachtung \/ Diskussion am Pferch<br \/>\n15:00 Uhr: Anforderung eines hauptberufl. Sch\u00e4fers an eine<br \/>\nHaarschafrasse, Dirk Strathausen (mit Kaffee\/Kuchen)<br \/>\n15:45 Uhr: Was fehlt dem Schaf? Dr. Folke Pfeifer<\/p>\n<p>Anschl.: gemeinsames Abendessen, Z\u00fcchteraustausch<\/p>\n<p>Sonntag: 10:30 Uhr Besichtigung Sch\u00e4ferei Brehnau<\/p>\n<p>Veranstaltungsort:<br \/>\nPicknick am Wegesrand<br \/>\nGimritzer Weg 4<br \/>\n06193 Wettin-L\u00f6bej\u00fcn<br \/>\nOT M\u00fccheln<\/p>\n","protected":false},"excerpt":{"rendered":"<p>Nachfolgend findet ihr das Programm der diesj\u00e4hrigen Jahreshauptversammlung: Nolana_Mitgliederversammlung_2023 Eingeladen sind neben den Vereinsmitgliedern ausdr\u00fccklich auch alle haarschafinteressierten Schafhalter, Hobbysch\u00e4fer, Unterst\u00fctzer, etc. &#8230; und solche, die es noch werden wollen und sich gerne zum Thema Haarschafe informieren wollen. Nolana-Netzwerk Deutschland e.V. 16. ordentliche Mitgliederversammlung Wann: Samstag, 9. September 2023 Wo: \u201ePicknick am Wegesrand\u201c, Wettin-L\u00f6bej\u00fcn, OT&hellip;<\/p>\n","protected":false},"author":3,"featured_media":0,"comment_status":"closed","ping_status":"closed","sticky":false,"template":"","format":"standard","meta":{"footnotes":""},"categories":[1],"tags":[],"class_list":["post-2051","post","type-post","status-publish","format-standard","hentry","category-allgemein","category-1","description-off"],"_links":{"self":[{"href":"https:\/\/www.nolana-schafe.de\/de-pages\/wp-json\/wp\/v2\/posts\/2051","targetHints":{"allow":["GET"]}}],"collection":[{"href":"https:\/\/www.nolana-schafe.de\/de-pages\/wp-json\/wp\/v2\/posts"}],"about":[{"href":"https:\/\/www.nolana-schafe.de\/de-pages\/wp-json\/wp\/v2\/types\/post"}],"author":[{"embeddable":true,"href":"https:\/\/www.nolana-schafe.de\/de-pages\/wp-json\/wp\/v2\/users\/3"}],"replies":[{"embeddable":true,"href":"https:\/\/www.nolana-schafe.de\/de-pages\/wp-json\/wp\/v2\/comments?post=2051"}],"version-history":[{"count":4,"href":"https:\/\/www.nolana-schafe.de\/de-pages\/wp-json\/wp\/v2\/posts\/2051\/revisions"}],"predecessor-version":[{"id":2059,"href":"https:\/\/www.nolana-schafe.de\/de-pages\/wp-json\/wp\/v2\/posts\/2051\/revisions\/2059"}],"wp:attachment":[{"href":"https:\/\/www.nolana-schafe.de\/de-pages\/wp-json\/wp\/v2\/media?parent=2051"}],"wp:term":[{"taxonomy":"category","embeddable":true,"href":"https:\/\/www.nolana-schafe.de\/de-pages\/wp-json\/wp\/v2\/categories?post=2051"},{"taxonomy":"post_tag","embeddable":true,"href":"https:\/\/www.nolana-schafe.de\/de-pages\/wp-json\/wp\/v2\/tags?post=2051"}],"curies":[{"name":"wp","href":"https:\/\/api.w.org\/{rel}","templated":true}]}}