{"id":2064,"date":"2023-08-21T19:23:32","date_gmt":"2023-08-21T19:23:32","guid":{"rendered":"https:\/\/www.nolana-schafe.de\/de-pages\/?p=2064"},"modified":"2023-08-21T19:25:06","modified_gmt":"2023-08-21T19:25:06","slug":"nolana-und-bhs-am-13-08-2023-bei-den-schaftagen-nrw","status":"publish","type":"post","link":"https:\/\/www.nolana-schafe.de\/de-pages\/nolana-und-bhs-am-13-08-2023-bei-den-schaftagen-nrw\/","title":{"rendered":"Nolana und BHS am 13.08.2023 bei den Schaftagen NRW"},"content":{"rendered":"<p>&nbsp;<\/p>\n<p>Am Sonntag, 13.08.2023 und Tag 2 der diesj\u00e4hrigen NRW-Schaftage, die f\u00fcr die Braunen Haarschafe und die Nolana-Schafe erstmals bundesoffen waren, pr\u00e4sentierten die Z\u00fcchter unseres Vereins sehr gute Kollektionen von Nolana-Schafen und Braunen Haarschafen.<\/p>\n<p>So waren insgesamt f\u00fcnf Z\u00fcchter mit Braunen Haarschafen und zwei Z\u00fcchter mit Nolana-Schafen vor Ort.<\/p>\n<p>BHS:<\/p>\n<p>Aus \u00dcxheim (Rheinland-Pfalz) waren Jan und Andrea Engelmeyer angereist und brachten einen sehr kr\u00e4ftigen BHS-J\u00e4hrlingsbock mit. Jan Engelmeyer nahm zudem noch an dem parallel stattfindenden H\u00fctewettbewerb teil. Stefan Wa\u00dfmuth aus Laisa bei Battenberg brachte ein J\u00e4hrlingsschaf und einen J\u00e4hrlingsbock mit. Benedikt H\u00fcttemann hatte zwei J\u00e4hrlingsb\u00f6cke und zwei J\u00e4hrlingsschafe am Start, von Daniel Scheppokat aus Havixbeck waren zwei Lammb\u00f6cke zu sehen und Hans Gerbracht aus Medebach-D\u00fcdinghausen brachte einen Lammbock und einen Altbock aus dem Sauerland mit auf Haus D\u00fcsse nach Oestinghausen.<\/p>\n<p>NOL:<\/p>\n<p>Rainer Wagner aus Titz stellte einen strammen J\u00e4hrlingsbock vor, Stephan Graute vom Sender Wildhandel aus Verl war mit zwei J\u00e4hrlingsauen und einem J\u00e4hrlingsbock vertreten.<\/p>\n<p>Das beste J\u00e4hrlingsschaf stellte Benedikt H\u00fcttemann bei den BHS und Stephan Graute bei den NOL.<\/p>\n<p>Den Rassesiegerbock bei den BHS stellte Hans Gerbracht mit seinem Altbock \u201eHans Harry\u201c, das beste m\u00e4nnliche Tier bei den Nolana-Schafen stellte Rainer Wagner. Sein Bock wurde schlie\u00dflich als Bundessieger pr\u00e4miert.<\/p>\n<p>Extra aus Weilheim in der Eifel angereist war auch unserer ehemaliger Vorsitzender und jetziger Ehrenvorstand Dr. Rolf Minhorst, der dann die erste Auktion mit Nolana-Tieren verfolgen konnte und live miterleben durfte, wie der Bundessiegerbock bei einem Zuschlag von 900\u20ac in die Schweiz verkauft wurde.<\/p>\n<p>Weitere Informationen und Ergebnisse \u00fcber die Schaftage auf Haus D\u00fcsse findet ihr mit Klick auf \u2192 <a href=\"https:\/\/schafe-schuetzen.de\/nrw-schaftage-2023-ein-besuch-in-der-soester-boerde-der-sich-lohnte\/\">Schaftage<\/a> , den offiziellen Nachbericht des Schafzuchtverbands NRW.<\/p>\n<p>&nbsp;<\/p>\n<p><img loading=\"lazy\" decoding=\"async\" class=\"alignnone wp-image-2063\" src=\"https:\/\/www.nolana-schafe.de\/de-pages\/wp-content\/uploads\/BHSNOL-300x225.jpg\" alt=\"\" width=\"372\" height=\"279\" srcset=\"https:\/\/www.nolana-schafe.de\/de-pages\/wp-content\/uploads\/BHSNOL-300x225.jpg 300w, https:\/\/www.nolana-schafe.de\/de-pages\/wp-content\/uploads\/BHSNOL-1024x768.jpg 1024w, https:\/\/www.nolana-schafe.de\/de-pages\/wp-content\/uploads\/BHSNOL-768x576.jpg 768w, https:\/\/www.nolana-schafe.de\/de-pages\/wp-content\/uploads\/BHSNOL-1536x1152.jpg 1536w, https:\/\/www.nolana-schafe.de\/de-pages\/wp-content\/uploads\/BHSNOL.jpg 1600w\" sizes=\"auto, (max-width: 372px) 100vw, 372px\" \/><\/p>\n<p>Die besten Zuchtschafe der Haarschafrassen. V.l.n.r.: J\u00e4hrlingsbock und sp\u00e4terer Bundessieger aus der Zucht Rainer Wagner, vorgef\u00fchrt von Edith Wagner. Gefolgt vom besten J\u00e4hrling aus der Zucht Wilkmann, ausgestellt vom Sender Wildhandel aus Verl und vorgef\u00fchrt von Stephan Graute. Siegerbock der Braunen Haarschafe aus der Zucht Hans-Dieter Gerbracht, gefolgt vom besten weiblichen J\u00e4hrling aus der Zucht Benedikt H\u00fcttemann, Schermbeck, vorgef\u00fchrt von Felicitas H\u00fcttemann FOTO: Fides Lenz<\/p>\n","protected":false},"excerpt":{"rendered":"<p>&nbsp; Am Sonntag, 13.08.2023 und Tag 2 der diesj\u00e4hrigen NRW-Schaftage, die f\u00fcr die Braunen Haarschafe und die Nolana-Schafe erstmals bundesoffen waren, pr\u00e4sentierten die Z\u00fcchter unseres Vereins sehr gute Kollektionen von Nolana-Schafen und Braunen Haarschafen. So waren insgesamt f\u00fcnf Z\u00fcchter mit Braunen Haarschafen und zwei Z\u00fcchter mit Nolana-Schafen vor Ort. BHS: Aus \u00dcxheim (Rheinland-Pfalz) waren Jan&hellip;<\/p>\n","protected":false},"author":3,"featured_media":0,"comment_status":"closed","ping_status":"closed","sticky":false,"template":"","format":"standard","meta":{"footnotes":""},"categories":[1],"tags":[],"class_list":["post-2064","post","type-post","status-publish","format-standard","hentry","category-allgemein","category-1","description-off"],"_links":{"self":[{"href":"https:\/\/www.nolana-schafe.de\/de-pages\/wp-json\/wp\/v2\/posts\/2064","targetHints":{"allow":["GET"]}}],"collection":[{"href":"https:\/\/www.nolana-schafe.de\/de-pages\/wp-json\/wp\/v2\/posts"}],"about":[{"href":"https:\/\/www.nolana-schafe.de\/de-pages\/wp-json\/wp\/v2\/types\/post"}],"author":[{"embeddable":true,"href":"https:\/\/www.nolana-schafe.de\/de-pages\/wp-json\/wp\/v2\/users\/3"}],"replies":[{"embeddable":true,"href":"https:\/\/www.nolana-schafe.de\/de-pages\/wp-json\/wp\/v2\/comments?post=2064"}],"version-history":[{"count":2,"href":"https:\/\/www.nolana-schafe.de\/de-pages\/wp-json\/wp\/v2\/posts\/2064\/revisions"}],"predecessor-version":[{"id":2067,"href":"https:\/\/www.nolana-schafe.de\/de-pages\/wp-json\/wp\/v2\/posts\/2064\/revisions\/2067"}],"wp:attachment":[{"href":"https:\/\/www.nolana-schafe.de\/de-pages\/wp-json\/wp\/v2\/media?parent=2064"}],"wp:term":[{"taxonomy":"category","embeddable":true,"href":"https:\/\/www.nolana-schafe.de\/de-pages\/wp-json\/wp\/v2\/categories?post=2064"},{"taxonomy":"post_tag","embeddable":true,"href":"https:\/\/www.nolana-schafe.de\/de-pages\/wp-json\/wp\/v2\/tags?post=2064"}],"curies":[{"name":"wp","href":"https:\/\/api.w.org\/{rel}","templated":true}]}}