{"id":2076,"date":"2023-09-17T07:57:15","date_gmt":"2023-09-17T07:57:15","guid":{"rendered":"https:\/\/www.nolana-schafe.de\/de-pages\/?p=2076"},"modified":"2023-09-17T08:07:32","modified_gmt":"2023-09-17T08:07:32","slug":"bericht-nolanatagung-am-9-10-sept-2024-teil-1","status":"publish","type":"post","link":"https:\/\/www.nolana-schafe.de\/de-pages\/bericht-nolanatagung-am-9-10-sept-2024-teil-1\/","title":{"rendered":"Bericht Nolanatagung am 9.\/10. Sept. 2023 &#8211; Teil 1"},"content":{"rendered":"<p><strong>Erfolgreiche Nolana-Jahrestagung im Saaletal<\/strong><\/p>\n<p><strong>Rund 40 Teilnehmer trafen sich am 9. September in Wettin-M\u00fccheln zur 16. Nolana-Jahrestagung. Eingeladen hatte das Nolana-Netzwerk Deutschland e.V., ein bundesweites Netzwerk von knapp 100 Haarschafz\u00fcchtern. Das mittlerweile schon traditionelle Treffen im Sp\u00e4tsommer bot neben den Regularien des Vereins viel Platz zum pers\u00f6nlichen Austausch der bundesweit angereisten Teilnehmer. Zus\u00e4tzlich gab es Fachinformationen vom Tiergesundheitsdienst Sachsen-Anhalt und es stand die Besichtigung der Sch\u00e4ferei Brehnau auf dem Programm. <\/strong><\/p>\n<p><strong>Erfolgreiche Auftritte bei Schafschauen<\/strong><\/p>\n<p>Der Vorsitzende Benedikt H\u00fcttemann begr\u00fc\u00dfte neben den deutschen Teilnehmern auch Haarschafz\u00fcchter aus den Nachbarl\u00e4ndern Polen und Schweiz. In seinem R\u00fcckblick auf das abgelaufene Gesch\u00e4ftsjahr hob er das gute Abschneiden von Tieren der Rassen Nolana und Braunes Haarschaf auf der Bundesschafschau in Alsfeld hervor. Zufrieden \u00e4u\u00dferte er sich \u00fcber die positive Berichterstattung zu den Rassen in der Fachpresse. Besonders hervorzuheben ist auch die Teilnahme von Haarschafz\u00fcchtern an verschiedenen regionalen Schaftagen und Kreistierschauen. Dennoch f\u00fchren die Haarschafe insgesamt noch immer ein Nischendasein. H\u00fcttemann animierte die Z\u00fcchter, aktiv an entsprechenden Schauen mitzuwirken um die Vorteile der Haarschafe hervorzuheben.<\/p>\n<p><strong>Haarschafe sind Tierwohl pur<\/strong><\/p>\n<p>Der nat\u00fcrliche Fellwechsel der Haarschafe kommt den Tieren beim Wohlbefinden entgegen, denn mit zunehmenden Temperaturen werfen die Haarschafe ihr Winterkleid ab und bilden im Herbst wieder ein w\u00e4rmendes Haarkleid. Fliegenmadenbefall kommt bei Haarschafen so gut wie gar nicht vor und das aus Tierwohlgesichtspunkten kritisch gesehene Kupieren der Schw\u00e4nze ist bei den Haarschafen in der Regel nicht notwendig. Die Rassen Nolana, Braunes Haarschaf und auch Dorper verkn\u00fcpfen diese Vorteile mit gleichzeitig hohen Leistungen bei Tageszunahmen und Fleischleistung. Allerdings muss auf vielen Ebenen \u2013 auch in den Schafzuchverb\u00e4nden &#8211; noch viel \u00dcberzeugungsarbeit geleistet werden, denn die Haarschafzucht wird von vielen Schafz\u00fcchtern traditioneller Rassen noch immer mit kleinen Tieren bei gleichzeitig geringer Bemuskelung gleichgesetzt.<\/p>\n<p><strong>Das Tier sagt es uns<\/strong><\/p>\n<p>Zum Abschluss der Tagung hielt Frau Dr. Folke Pfeifer vom Tiergesundheitsdienst Sachsen-Anhalt einen interessanten Fachvortrag zur Mineralstoffversorgung von Schafen und Ziegen. Je nach Rasse; Herdenstandort und Futtergrundlage kann es zu Unter- oder Fehlversorgung an Spurenelementen kommen. Insbesondere die Mikron\u00e4hrstoffe Kupfer, Selen und Kobalt spielen in diesem Zusammenhang eine Rolle. Eine Unterversorgung mit einem oder mehreren dieser Elemente wurde in den bisher von der Referentin initiierten Untersuchungen bei 30-60(!)\u00a0% der untersuchten Lebern festgestellt. Ein solcher Mangel bleibt lange unbemerkt und \u00e4u\u00dfert sich danach oft unspezifisch. So zeigen sich bei der Lammung h\u00e4ufig unterschiedlich gro\u00dfe Geschwister oder kleine, schwache L\u00e4mmer. Sp\u00e4ter schw\u00e4cheln die L\u00e4mmer im Wachstum und sind anf\u00e4llig f\u00fcr Kokzidien, W\u00fcrmer und z.B. Lippengrind, sie wachsen auseinander oder zeigen sich einfach nur struppig.<\/p>\n<p><strong>Leber untersuchen lassen<\/strong><\/p>\n<p>Diese Symptome geh\u00f6ren der Vergangenheit an, wenn man die Versorgung \u00e4ndert oder ggf. auch spezifisch substituiert. Dr. Pfeifer appellierte an die Schafhalter, nicht auf die Werbung oder den Futtermittelhandel zu h\u00f6ren, sondern einfach das Tier sprechen zu lassen: Durch eine Untersuchung von Lebergewebe eines verendeten Lammes, notfalls auch eines Schlachttieres, kann die Versorgung mit Spurenelementen sehr gut \u00fcberpr\u00fcft werden. So vermeidet man auch eine versehentliche \u00dcberversorgung, z.B. mit Kupfer. Die Untersuchung kann z.B. im Labor der Klinik f\u00fcr Kleine Klauentiere der Tier\u00e4rztlichen Hochschule Hannover erfolgen. F\u00fcr Hilfestellung bei der Interpretation der Ergebnisse und f\u00fcr Handlungsempfehlungen steht die Referentin gerne zur Verf\u00fcgung.<\/p>\n<p><img loading=\"lazy\" decoding=\"async\" class=\"alignnone size-medium wp-image-2072\" src=\"https:\/\/www.nolana-schafe.de\/de-pages\/wp-content\/uploads\/draussenNOL-300x169.jpg\" alt=\"\" width=\"300\" height=\"169\" srcset=\"https:\/\/www.nolana-schafe.de\/de-pages\/wp-content\/uploads\/draussenNOL-300x169.jpg 300w, https:\/\/www.nolana-schafe.de\/de-pages\/wp-content\/uploads\/draussenNOL-1024x576.jpg 1024w, https:\/\/www.nolana-schafe.de\/de-pages\/wp-content\/uploads\/draussenNOL-768x432.jpg 768w, https:\/\/www.nolana-schafe.de\/de-pages\/wp-content\/uploads\/draussenNOL-1536x864.jpg 1536w, https:\/\/www.nolana-schafe.de\/de-pages\/wp-content\/uploads\/draussenNOL-2048x1152.jpg 2048w\" sizes=\"auto, (max-width: 300px) 100vw, 300px\" \/><\/p>\n<p>Teilnehmer w\u00e4hrend der Pause auf der Terrasse &#8222;Picknick am Wegesrand&#8220;<\/p>\n<p><img loading=\"lazy\" decoding=\"async\" class=\"alignnone size-medium wp-image-2074\" src=\"https:\/\/www.nolana-schafe.de\/de-pages\/wp-content\/uploads\/PickNOL-300x169.jpg\" alt=\"\" width=\"300\" height=\"169\" srcset=\"https:\/\/www.nolana-schafe.de\/de-pages\/wp-content\/uploads\/PickNOL-300x169.jpg 300w, https:\/\/www.nolana-schafe.de\/de-pages\/wp-content\/uploads\/PickNOL-1024x576.jpg 1024w, https:\/\/www.nolana-schafe.de\/de-pages\/wp-content\/uploads\/PickNOL-768x432.jpg 768w, https:\/\/www.nolana-schafe.de\/de-pages\/wp-content\/uploads\/PickNOL-1536x864.jpg 1536w, https:\/\/www.nolana-schafe.de\/de-pages\/wp-content\/uploads\/PickNOL-2048x1152.jpg 2048w\" sizes=\"auto, (max-width: 300px) 100vw, 300px\" \/><\/p>\n<p>mit ca. 40 Teilnehmern eine sehr gut besuchte Versammlung<\/p>\n<p><img loading=\"lazy\" decoding=\"async\" class=\"alignnone size-medium wp-image-2075\" src=\"https:\/\/www.nolana-schafe.de\/de-pages\/wp-content\/uploads\/VSNOL-300x169.jpg\" alt=\"\" width=\"300\" height=\"169\" srcset=\"https:\/\/www.nolana-schafe.de\/de-pages\/wp-content\/uploads\/VSNOL-300x169.jpg 300w, https:\/\/www.nolana-schafe.de\/de-pages\/wp-content\/uploads\/VSNOL-1024x576.jpg 1024w, https:\/\/www.nolana-schafe.de\/de-pages\/wp-content\/uploads\/VSNOL-768x432.jpg 768w, https:\/\/www.nolana-schafe.de\/de-pages\/wp-content\/uploads\/VSNOL-1536x864.jpg 1536w, https:\/\/www.nolana-schafe.de\/de-pages\/wp-content\/uploads\/VSNOL-2048x1152.jpg 2048w\" sizes=\"auto, (max-width: 300px) 100vw, 300px\" \/><\/p>\n<p>Vorstand des Nolana Netzwerk e.V.: Hans Gerbracht, Herbert Kampen, Stephanie Hombach-Weisenfeld, Benedikt H\u00fcttenmann, Rainer Wagner<\/p>\n<p>(Bericht von Clemens Becker)<\/p>\n","protected":false},"excerpt":{"rendered":"<p>Erfolgreiche Nolana-Jahrestagung im Saaletal Rund 40 Teilnehmer trafen sich am 9. September in Wettin-M\u00fccheln zur 16. Nolana-Jahrestagung. Eingeladen hatte das Nolana-Netzwerk Deutschland e.V., ein bundesweites Netzwerk von knapp 100 Haarschafz\u00fcchtern. Das mittlerweile schon traditionelle Treffen im Sp\u00e4tsommer bot neben den Regularien des Vereins viel Platz zum pers\u00f6nlichen Austausch der bundesweit angereisten Teilnehmer. Zus\u00e4tzlich gab es&hellip;<\/p>\n","protected":false},"author":3,"featured_media":2072,"comment_status":"closed","ping_status":"closed","sticky":false,"template":"","format":"standard","meta":{"footnotes":""},"categories":[1],"tags":[],"class_list":["post-2076","post","type-post","status-publish","format-standard","has-post-thumbnail","hentry","category-allgemein","category-1","description-off"],"_links":{"self":[{"href":"https:\/\/www.nolana-schafe.de\/de-pages\/wp-json\/wp\/v2\/posts\/2076","targetHints":{"allow":["GET"]}}],"collection":[{"href":"https:\/\/www.nolana-schafe.de\/de-pages\/wp-json\/wp\/v2\/posts"}],"about":[{"href":"https:\/\/www.nolana-schafe.de\/de-pages\/wp-json\/wp\/v2\/types\/post"}],"author":[{"embeddable":true,"href":"https:\/\/www.nolana-schafe.de\/de-pages\/wp-json\/wp\/v2\/users\/3"}],"replies":[{"embeddable":true,"href":"https:\/\/www.nolana-schafe.de\/de-pages\/wp-json\/wp\/v2\/comments?post=2076"}],"version-history":[{"count":4,"href":"https:\/\/www.nolana-schafe.de\/de-pages\/wp-json\/wp\/v2\/posts\/2076\/revisions"}],"predecessor-version":[{"id":2088,"href":"https:\/\/www.nolana-schafe.de\/de-pages\/wp-json\/wp\/v2\/posts\/2076\/revisions\/2088"}],"wp:featuredmedia":[{"embeddable":true,"href":"https:\/\/www.nolana-schafe.de\/de-pages\/wp-json\/wp\/v2\/media\/2072"}],"wp:attachment":[{"href":"https:\/\/www.nolana-schafe.de\/de-pages\/wp-json\/wp\/v2\/media?parent=2076"}],"wp:term":[{"taxonomy":"category","embeddable":true,"href":"https:\/\/www.nolana-schafe.de\/de-pages\/wp-json\/wp\/v2\/categories?post=2076"},{"taxonomy":"post_tag","embeddable":true,"href":"https:\/\/www.nolana-schafe.de\/de-pages\/wp-json\/wp\/v2\/tags?post=2076"}],"curies":[{"name":"wp","href":"https:\/\/api.w.org\/{rel}","templated":true}]}}