{"id":2084,"date":"2023-09-17T08:27:32","date_gmt":"2023-09-17T08:27:32","guid":{"rendered":"https:\/\/www.nolana-schafe.de\/de-pages\/?p=2084"},"modified":"2023-09-17T08:33:49","modified_gmt":"2023-09-17T08:33:49","slug":"bericht-nolanatagung-am-9-10-sept-2023-teil-3-ausblick-fuer-2024-save-the-date-14-sept-2024","status":"publish","type":"post","link":"https:\/\/www.nolana-schafe.de\/de-pages\/bericht-nolanatagung-am-9-10-sept-2023-teil-3-ausblick-fuer-2024-save-the-date-14-sept-2024\/","title":{"rendered":"Bericht Nolanatagung am 9.\/10. Sept. 2023 &#8211; Teil 3 + Ausblick f\u00fcr 2024 (save the date 14. Sept. 2024)"},"content":{"rendered":"<p><strong>Regionale Sch\u00e4ferei<\/strong><\/p>\n<p>Am Folgetag wurde die regionale Sch\u00e4ferei in Brehnau besichtigt. Die Brehnau Sch\u00e4ferei KG bewirtschaftet ca. 50 Hektar Gr\u00fcnland, darunter Streuobstwiesen, Hanglagen und Auenweiden entlang der Saale und der Brehnauer Schlucht. Dirk Papendiek leitet hier die wirtschaftliche Beweidung mit Schafen und Ziegen. In der Sch\u00e4ferei werden ca. 300 Mutterschafe der Merino-Rasse, Zuchtb\u00f6cke und eine Ziegenherde gehalten. Merinofleischschafe haben feine Wolle, eine sehr gute Fleischqualit\u00e4t und eine gute Eignung f\u00fcr die Landschaftspflege in trockenen Regionen. Trotz der guten Qualit\u00e4t reicht der Erl\u00f6s der Wolle allerdings nicht, die Schurkosten zu decken. Als Ziegen werden Burenziegen genutzt, die einen guten Fleischansatz haben und sich auch gut f\u00fcr die Landschaftspflege nutzen lassen.<\/p>\n<p><strong>N\u00e4chstes Jahr mitten in Deutschland<\/strong><\/p>\n<p>Insgesamt bot die Nolana-Jahrestagung f\u00fcr Haarschafz\u00fcchter und an Haarschafen interessierte Schafhalter einen bunten Mix aus Fachwissen, Praxis und pers\u00f6nlichen Austausch. Von vielen Teilnehmern war zu h\u00f6ren, dass es sich allein f\u00fcr diese interessante Tagung lohnt, beim Nolana-Netzwerk dabei zu sein. Die n\u00e4chste Jahrestagung findet voraussichtlich am 14. September 2024 in Medebach-D\u00fcdinghausen im Sauerland statt, zu der jetzt schon der Webmaster des Vereins und Herdbuchz\u00fcchter des Braunen Haarschafs Hansi Gerbracht sowie der gesamte Vorstand des Nolana-Netzwerks Deutschland e. V.recht herzlich einladen. Die R\u00e4umlichkeiten sind gro\u00dfz\u00fcgig dimensioniert, Parkpl\u00e4tze und Ausstellungsfl\u00e4che f\u00fcr Tierpferche sind ebenfalls ausreichend direkt beim Tagungsraum vorhanden.<\/p>\n<p>(Bericht von Clemens Becker)<\/p>\n<p><img loading=\"lazy\" decoding=\"async\" class=\"alignnone size-medium wp-image-2091\" src=\"https:\/\/www.nolana-schafe.de\/de-pages\/wp-content\/uploads\/IMG_4937-228x300.jpeg\" alt=\"\" width=\"228\" height=\"300\" srcset=\"https:\/\/www.nolana-schafe.de\/de-pages\/wp-content\/uploads\/IMG_4937-228x300.jpeg 228w, https:\/\/www.nolana-schafe.de\/de-pages\/wp-content\/uploads\/IMG_4937-777x1024.jpeg 777w, https:\/\/www.nolana-schafe.de\/de-pages\/wp-content\/uploads\/IMG_4937-768x1012.jpeg 768w, https:\/\/www.nolana-schafe.de\/de-pages\/wp-content\/uploads\/IMG_4937.jpeg 971w\" sizes=\"auto, (max-width: 228px) 100vw, 228px\" \/><\/p>\n<p>Tagungsraum &#8222;P\u00f6nstube&#8220; (neuer Anbau an die Sch\u00fctzenhalle) in 59964 Medebach-D\u00fcdinghausen<\/p>\n<p><img loading=\"lazy\" decoding=\"async\" class=\"alignnone size-medium wp-image-2092\" src=\"https:\/\/www.nolana-schafe.de\/de-pages\/wp-content\/uploads\/IMG_4940-300x249.jpeg\" alt=\"\" width=\"300\" height=\"249\" srcset=\"https:\/\/www.nolana-schafe.de\/de-pages\/wp-content\/uploads\/IMG_4940-300x249.jpeg 300w, https:\/\/www.nolana-schafe.de\/de-pages\/wp-content\/uploads\/IMG_4940-1024x849.jpeg 1024w, https:\/\/www.nolana-schafe.de\/de-pages\/wp-content\/uploads\/IMG_4940-768x637.jpeg 768w, https:\/\/www.nolana-schafe.de\/de-pages\/wp-content\/uploads\/IMG_4940.jpeg 1125w\" sizes=\"auto, (max-width: 300px) 100vw, 300px\" \/><\/p>\n<p>gro\u00dfe Parkfl\u00e4che vor der Sch\u00fctzenhalle<\/p>\n<p><img loading=\"lazy\" decoding=\"async\" class=\"alignnone size-medium wp-image-2093\" src=\"https:\/\/www.nolana-schafe.de\/de-pages\/wp-content\/uploads\/IMG_4942-225x300.jpeg\" alt=\"\" width=\"225\" height=\"300\" srcset=\"https:\/\/www.nolana-schafe.de\/de-pages\/wp-content\/uploads\/IMG_4942-225x300.jpeg 225w, https:\/\/www.nolana-schafe.de\/de-pages\/wp-content\/uploads\/IMG_4942-768x1024.jpeg 768w, https:\/\/www.nolana-schafe.de\/de-pages\/wp-content\/uploads\/IMG_4942-1152x1536.jpeg 1152w, https:\/\/www.nolana-schafe.de\/de-pages\/wp-content\/uploads\/IMG_4942-rotated.jpeg 1512w\" sizes=\"auto, (max-width: 225px) 100vw, 225px\" \/><\/p>\n<p>ger\u00e4umige Ausstellungsfl\u00e4che direkt an der Sch\u00fctzenhalle \/ &#8222;P\u00f6nstube&#8220;<\/p>\n","protected":false},"excerpt":{"rendered":"<p>Regionale Sch\u00e4ferei Am Folgetag wurde die regionale Sch\u00e4ferei in Brehnau besichtigt. Die Brehnau Sch\u00e4ferei KG bewirtschaftet ca. 50 Hektar Gr\u00fcnland, darunter Streuobstwiesen, Hanglagen und Auenweiden entlang der Saale und der Brehnauer Schlucht. Dirk Papendiek leitet hier die wirtschaftliche Beweidung mit Schafen und Ziegen. In der Sch\u00e4ferei werden ca. 300 Mutterschafe der Merino-Rasse, Zuchtb\u00f6cke und eine&hellip;<\/p>\n","protected":false},"author":3,"featured_media":2091,"comment_status":"closed","ping_status":"closed","sticky":false,"template":"","format":"standard","meta":{"footnotes":""},"categories":[1],"tags":[],"class_list":["post-2084","post","type-post","status-publish","format-standard","has-post-thumbnail","hentry","category-allgemein","category-1","description-off"],"_links":{"self":[{"href":"https:\/\/www.nolana-schafe.de\/de-pages\/wp-json\/wp\/v2\/posts\/2084","targetHints":{"allow":["GET"]}}],"collection":[{"href":"https:\/\/www.nolana-schafe.de\/de-pages\/wp-json\/wp\/v2\/posts"}],"about":[{"href":"https:\/\/www.nolana-schafe.de\/de-pages\/wp-json\/wp\/v2\/types\/post"}],"author":[{"embeddable":true,"href":"https:\/\/www.nolana-schafe.de\/de-pages\/wp-json\/wp\/v2\/users\/3"}],"replies":[{"embeddable":true,"href":"https:\/\/www.nolana-schafe.de\/de-pages\/wp-json\/wp\/v2\/comments?post=2084"}],"version-history":[{"count":6,"href":"https:\/\/www.nolana-schafe.de\/de-pages\/wp-json\/wp\/v2\/posts\/2084\/revisions"}],"predecessor-version":[{"id":2097,"href":"https:\/\/www.nolana-schafe.de\/de-pages\/wp-json\/wp\/v2\/posts\/2084\/revisions\/2097"}],"wp:featuredmedia":[{"embeddable":true,"href":"https:\/\/www.nolana-schafe.de\/de-pages\/wp-json\/wp\/v2\/media\/2091"}],"wp:attachment":[{"href":"https:\/\/www.nolana-schafe.de\/de-pages\/wp-json\/wp\/v2\/media?parent=2084"}],"wp:term":[{"taxonomy":"category","embeddable":true,"href":"https:\/\/www.nolana-schafe.de\/de-pages\/wp-json\/wp\/v2\/categories?post=2084"},{"taxonomy":"post_tag","embeddable":true,"href":"https:\/\/www.nolana-schafe.de\/de-pages\/wp-json\/wp\/v2\/tags?post=2084"}],"curies":[{"name":"wp","href":"https:\/\/api.w.org\/{rel}","templated":true}]}}