{"id":2099,"date":"2024-12-18T08:10:11","date_gmt":"2024-12-18T08:10:11","guid":{"rendered":"https:\/\/www.nolana-schafe.de\/de-pages\/?p=2099"},"modified":"2024-12-18T12:04:48","modified_gmt":"2024-12-18T12:04:48","slug":"farbliche-kennzeichnung-von-laemmern-nach-jahrgang-deck-lammzeit-2023-24-violett","status":"publish","type":"post","link":"https:\/\/www.nolana-schafe.de\/de-pages\/farbliche-kennzeichnung-von-laemmern-nach-jahrgang-deck-lammzeit-2023-24-violett\/","title":{"rendered":"Farbliche Kennzeichnung von L\u00e4mmern nach Jahrgang (Deck-\/Lammzeit 2024\/25 = grau)"},"content":{"rendered":"<p>Lammsaison 2024\/25: Farbe der Selektionsscheiben = <strong><span style=\"color: #808080;\">grau<\/span><\/strong><\/p>\n<p>Hallo zusammen,<\/p>\n<p>hier \u2192\u00a0<a href=\"https:\/\/www.nolana-schafe.de\/de-pages\/farbliche-kennzeichnung-von-laemmern-nach-jahrgang-deck-lammzeit-2022-23-hellgruen\/\">Beschreibung Selektionsscheiben Ohrmarken<\/a> kann man sich noch einmal die Beschreibung f\u00fcr die Lammkennzeichnung ansehen.<\/p>\n<p>So sieht nun die Farbreihenfolge f\u00fcr die kommenden (und vergangenen) Jahre aus:<\/p>\n<p><img loading=\"lazy\" decoding=\"async\" class=\"alignnone wp-image-2134\" src=\"https:\/\/www.nolana-schafe.de\/de-pages\/wp-content\/uploads\/Selektionsscheiben-300x169.jpg\" alt=\"\" width=\"359\" height=\"202\" srcset=\"https:\/\/www.nolana-schafe.de\/de-pages\/wp-content\/uploads\/Selektionsscheiben-300x169.jpg 300w, https:\/\/www.nolana-schafe.de\/de-pages\/wp-content\/uploads\/Selektionsscheiben-1024x576.jpg 1024w, https:\/\/www.nolana-schafe.de\/de-pages\/wp-content\/uploads\/Selektionsscheiben-768x432.jpg 768w, https:\/\/www.nolana-schafe.de\/de-pages\/wp-content\/uploads\/Selektionsscheiben.jpg 1280w\" sizes=\"auto, (max-width: 359px) 100vw, 359px\" \/><\/p>\n<p>\u2014\u2014\u2014\u2014\u2014\u2014\u2014\u2014\u2014\u2014\u2014\u2014\u2014\u2014<\/p>\n<p>ab kommender Lammsaison:<\/p>\n<p><span style=\"color: #999999;\"><strong>2025 grau<\/strong><\/span><\/p>\n<p>2026 hellblau<\/p>\n<p>2027 gelb<\/p>\n<p>2028 dunkelgr\u00fcn<\/p>\n<p>2029 dunkelblau<\/p>\n<p>2030 rot<\/p>\n<p>2031 wei\u00df<\/p>\n<p>2032 dann wieder schwarz 2033 hellgr\u00fcn usw.<\/p>\n<p><span style=\"color: #999999;\">bisher:<\/span><\/p>\n<p><span style=\"color: #999999;\">2018 orange<\/span><\/p>\n<p><span style=\"color: #999999;\">2019 dunkelblau<\/span><\/p>\n<p><span style=\"color: #999999;\">2020 rot<\/span><\/p>\n<p><span style=\"color: #999999;\">2021 wei\u00df<\/span><\/p>\n<p><span style=\"color: #999999;\">2022 schwarz<\/span><\/p>\n<p><span style=\"color: #999999;\">2023 hellgr\u00fcn<\/span><\/p>\n<p><span style=\"color: #999999;\">2024 violett<\/span><\/p>\n<p>&nbsp;<\/p>\n<p>Orange habe wir weggelassen, da dieses stark ausbleicht und sp\u00e4ter kaum von gelb zu erkennen ist.<\/p>\n<p>Bei rot nehmen wir dann ebenfalls nur das dunkelrot.<\/p>\n<p>Es w\u00e4re sehr sch\u00f6n, wenn weiterhin viele Z\u00fcchter\/Schafhalter diese Farbreihenfolge \u00fcbernehmen werden.<\/p>\n","protected":false},"excerpt":{"rendered":"<p>Lammsaison 2024\/25: Farbe der Selektionsscheiben = grau Hallo zusammen, hier \u2192\u00a0Beschreibung Selektionsscheiben Ohrmarken kann man sich noch einmal die Beschreibung f\u00fcr die Lammkennzeichnung ansehen. So sieht nun die Farbreihenfolge f\u00fcr die kommenden (und vergangenen) Jahre aus: \u2014\u2014\u2014\u2014\u2014\u2014\u2014\u2014\u2014\u2014\u2014\u2014\u2014\u2014 ab kommender Lammsaison: 2025 grau 2026 hellblau 2027 gelb 2028 dunkelgr\u00fcn 2029 dunkelblau 2030 rot 2031 wei\u00df 2032&hellip;<\/p>\n","protected":false},"author":3,"featured_media":2134,"comment_status":"closed","ping_status":"closed","sticky":false,"template":"","format":"standard","meta":{"footnotes":""},"categories":[1],"tags":[],"class_list":["post-2099","post","type-post","status-publish","format-standard","has-post-thumbnail","hentry","category-allgemein","category-1","description-off"],"_links":{"self":[{"href":"https:\/\/www.nolana-schafe.de\/de-pages\/wp-json\/wp\/v2\/posts\/2099","targetHints":{"allow":["GET"]}}],"collection":[{"href":"https:\/\/www.nolana-schafe.de\/de-pages\/wp-json\/wp\/v2\/posts"}],"about":[{"href":"https:\/\/www.nolana-schafe.de\/de-pages\/wp-json\/wp\/v2\/types\/post"}],"author":[{"embeddable":true,"href":"https:\/\/www.nolana-schafe.de\/de-pages\/wp-json\/wp\/v2\/users\/3"}],"replies":[{"embeddable":true,"href":"https:\/\/www.nolana-schafe.de\/de-pages\/wp-json\/wp\/v2\/comments?post=2099"}],"version-history":[{"count":6,"href":"https:\/\/www.nolana-schafe.de\/de-pages\/wp-json\/wp\/v2\/posts\/2099\/revisions"}],"predecessor-version":[{"id":2241,"href":"https:\/\/www.nolana-schafe.de\/de-pages\/wp-json\/wp\/v2\/posts\/2099\/revisions\/2241"}],"wp:featuredmedia":[{"embeddable":true,"href":"https:\/\/www.nolana-schafe.de\/de-pages\/wp-json\/wp\/v2\/media\/2134"}],"wp:attachment":[{"href":"https:\/\/www.nolana-schafe.de\/de-pages\/wp-json\/wp\/v2\/media?parent=2099"}],"wp:term":[{"taxonomy":"category","embeddable":true,"href":"https:\/\/www.nolana-schafe.de\/de-pages\/wp-json\/wp\/v2\/categories?post=2099"},{"taxonomy":"post_tag","embeddable":true,"href":"https:\/\/www.nolana-schafe.de\/de-pages\/wp-json\/wp\/v2\/tags?post=2099"}],"curies":[{"name":"wp","href":"https:\/\/api.w.org\/{rel}","templated":true}]}}