{"id":2156,"date":"2024-05-22T16:50:28","date_gmt":"2024-05-22T16:50:28","guid":{"rendered":"https:\/\/www.nolana-schafe.de\/de-pages\/?p=2156"},"modified":"2024-05-22T16:50:35","modified_gmt":"2024-05-22T16:50:35","slug":"nrw-schaftage-2024-in-krefeld-vom-17-und-18-august-nolana-boecke-zu-ersteigern","status":"publish","type":"post","link":"https:\/\/www.nolana-schafe.de\/de-pages\/nrw-schaftage-2024-in-krefeld-vom-17-und-18-august-nolana-boecke-zu-ersteigern\/","title":{"rendered":"NRW-Schaftage 2024 in Krefeld vom 17. und 18. August \u2013 Nolana-B\u00f6cke zu ersteigern!!"},"content":{"rendered":"<p>Bei den diesj\u00e4hrigen NRW-Schaftagen in Krefeld werden auch Nolana-B\u00f6cke aufgetrieben und versteigert. Der Auktionskatalog ist zum jetzigen Zeitpunkt noch nicht raus, bitte informiert euch entsprechend rechtzeitig auf der Homepage des Schafzuchtverbandes NRW:\u00a0 <a href=\"https:\/\/schafe-schuetzen.de\/\">Schafe-sch\u00fctzen<\/a><\/p>\n<p>Die Schaftage finden am 17. und 18. August statt, die Nolana-B\u00f6cke werden am zweiten Tag, also am Sonntag, den 18. August aufgetrieben.<\/p>\n","protected":false},"excerpt":{"rendered":"<p>Bei den diesj\u00e4hrigen NRW-Schaftagen in Krefeld werden auch Nolana-B\u00f6cke aufgetrieben und versteigert. Der Auktionskatalog ist zum jetzigen Zeitpunkt noch nicht raus, bitte informiert euch entsprechend rechtzeitig auf der Homepage des Schafzuchtverbandes NRW:\u00a0 Schafe-sch\u00fctzen Die Schaftage finden am 17. und 18. August statt, die Nolana-B\u00f6cke werden am zweiten Tag, also am Sonntag, den 18. August aufgetrieben.<\/p>\n","protected":false},"author":3,"featured_media":0,"comment_status":"closed","ping_status":"closed","sticky":false,"template":"","format":"standard","meta":{"footnotes":""},"categories":[1],"tags":[],"class_list":["post-2156","post","type-post","status-publish","format-standard","hentry","category-allgemein","category-1","description-off"],"_links":{"self":[{"href":"https:\/\/www.nolana-schafe.de\/de-pages\/wp-json\/wp\/v2\/posts\/2156","targetHints":{"allow":["GET"]}}],"collection":[{"href":"https:\/\/www.nolana-schafe.de\/de-pages\/wp-json\/wp\/v2\/posts"}],"about":[{"href":"https:\/\/www.nolana-schafe.de\/de-pages\/wp-json\/wp\/v2\/types\/post"}],"author":[{"embeddable":true,"href":"https:\/\/www.nolana-schafe.de\/de-pages\/wp-json\/wp\/v2\/users\/3"}],"replies":[{"embeddable":true,"href":"https:\/\/www.nolana-schafe.de\/de-pages\/wp-json\/wp\/v2\/comments?post=2156"}],"version-history":[{"count":2,"href":"https:\/\/www.nolana-schafe.de\/de-pages\/wp-json\/wp\/v2\/posts\/2156\/revisions"}],"predecessor-version":[{"id":2158,"href":"https:\/\/www.nolana-schafe.de\/de-pages\/wp-json\/wp\/v2\/posts\/2156\/revisions\/2158"}],"wp:attachment":[{"href":"https:\/\/www.nolana-schafe.de\/de-pages\/wp-json\/wp\/v2\/media?parent=2156"}],"wp:term":[{"taxonomy":"category","embeddable":true,"href":"https:\/\/www.nolana-schafe.de\/de-pages\/wp-json\/wp\/v2\/categories?post=2156"},{"taxonomy":"post_tag","embeddable":true,"href":"https:\/\/www.nolana-schafe.de\/de-pages\/wp-json\/wp\/v2\/tags?post=2156"}],"curies":[{"name":"wp","href":"https:\/\/api.w.org\/{rel}","templated":true}]}}