{"id":2195,"date":"2024-08-09T10:50:38","date_gmt":"2024-08-09T10:50:38","guid":{"rendered":"https:\/\/www.nolana-schafe.de\/de-pages\/?p=2195"},"modified":"2024-08-09T11:23:06","modified_gmt":"2024-08-09T11:23:06","slug":"einladung-zur-nolana-jahresversammlung-am-samstag-14-09-2024","status":"publish","type":"post","link":"https:\/\/www.nolana-schafe.de\/de-pages\/einladung-zur-nolana-jahresversammlung-am-samstag-14-09-2024\/","title":{"rendered":"Einladung zur Nolana-Jahresversammlung am Samstag, 14.09.2024"},"content":{"rendered":"<p>Das Nolana-Netzwerk Deutschland e. V. l\u00e4dt alle Mitglieder und Interessierte rund um das Thema Haarschaf ganz herzlich zur diesj\u00e4hrigen Jahresversammlung am Samstag, den 14. September 2024, ein.<\/p>\n<p><strong>Bitte unbedingt beachten: Anmeldung bis sp\u00e4testens 10. September erforderlich!<\/strong><\/p>\n<p>Zur besseren Planung der Veranstaltung sind wir auf eure Anmeldung angewiesen, wir bitten daf\u00fcr um euer Verst\u00e4ndnis.<\/p>\n<p>Veranstaltungsort:<br \/>\nP\u00f6nstube (an der Sch\u00fctzenhalle), Zur Sch\u00fctzenhalle 18, 59964 Medebach, Ortsteil D\u00fcdinghausen<\/p>\n<p>Anmeldungen werden gerne unter <a href=\"http:\/\/kontakt@nolana-schafe.de\">kontakt@nolana-schafe.de<\/a> oder beim 1. Vorsitzenden, Benedikt H\u00fcttemann, Tel.: 0157-76343504 bzw. bei der 2. Vorsitzenden, Stephanie Hombach-Weisenfeld, Tel.: 0171-4333435 entgegen genommen. Gerne auch per whatsApp unter den genannten Nummern.<\/p>\n<p>Neben den Vereinsregularien wird es interessante Vortr\u00e4ge geben. Ebenso werden viele NOLANA und BRAUNE HAARSCHAFE ausgestellt, hier wird eine kleine Vereinsmeisterschaft durchgef\u00fchrt und es werden &#8222;Miss und Mister Sauerland&#8220; ermittelt. Am Pferch gibt es zudem ausreichend Gelegenheit zum Austausch und Kennenlernen. Zudem werden ein paar rassetypischen Tiere der hier selten vorkommenden HISSAR-Schafe zu begutachten sein.<\/p>\n<p>Die Pferche f\u00fcr die Ausstellung werden vom VENO-Vertreter Kurt Opriel zur Verf\u00fcgung gestellt. Hierf\u00fcr bedanken wir uns ganz herzlich!! Herr Opriel h\u00e4lt selbst auch NOLANA-Schafe. Es gibt die M\u00f6glichkeit, die nagelneuen Pferche mit einem kleinen Messerabatt und ohne Frachtkosten im Anschluss an die Veranstaltung zu erwerben. Zur Ausstellung werden die Horden mit 1 m H\u00f6he und 1,86 m L\u00e4nge aufgebaut. Gerne k\u00f6nnen aber auch andere W\u00fcnsche im Vorfeld genannt werden, so dass Herr Opriel entsprechend reagieren und andere VENO-Artikel mitbringen kann. Bitte unterst\u00fctzt hier Herrn Opriel. Das Produktsortiment findet ihr \u2192 <a href=\"https:\/\/www.venostal.com\/de\/produkt-kategorie\/veno-schafe-und-ziegen-gatter\/veno-schafe-gatter\/\">hier<\/a><\/p>\n<p>Ebenso wird Frau Horn (HORN21) mit einem Stand Ihrer Schafartikel vor Ort sein. Sie bringt ein ausgew\u00e4hltes Sortiment mit. Auch hier k\u00f6nnt ihr euch gerne schon im Vorfeld melden, sollten bestimmte Artikel gew\u00fcnscht werden. Bitte unterst\u00fctzt Frau Horn ebenso. Das Produktsortiment findet ihr \u2192 <a href=\"https:\/\/www.horn21.de\/39202120\/startseite-\">hier<\/a><\/p>\n<p>Der Vereinsvorstand freut sich auf euer Kommen und auf eine gute Veranstaltung !<\/p>\n<p>Nachfolgend der Tagesablauf:<\/p>\n<p>Tagungsprogramm<br \/>\n9.30 Uhr Begr\u00fc\u00dfungskaffee<br \/>\n10 Uhr Beginn vereinsinterner Teil<br \/>\nTop 1 Begr\u00fc\u00dfung<br \/>\nTop 2 Protokollverlesung der Jahresversammlung 2023<br \/>\nTop 3 Bericht des Vorstandes und Entlastung<br \/>\nTop 4 Bericht des Kassenwartes, Bericht der Kassenpr\u00fcfer und Entlastung<br \/>\nTop 5 Antrag auf Erh\u00f6hung des Mitgliedsbeitrag um 7\u20ac<br \/>\nTop 5 Braune Haarschafe im Sauerland (Kurzvortrag Hansi)<br \/>\nTop 6 Schafe im Netz (Mandy)<br \/>\nTop 7 Kurzvortrag Dagmar Meyer (Projekt Abstammung)<br \/>\nTop 8 Sonstiges<br \/>\nca.12.30 Uhr Mittag<br \/>\n14 Uhr Diskussionen und Austausch an den  Pferchen, Pr\u00e4mierung mit Wahl<br \/>\n\u201eMiss und Mister Sauerland\u201c<br \/>\nca. 19 Uhr M\u00f6glichkeit zum gemeinsamen Abendessen  h ps:\/\/www.brueggesloui.de\/ ,<br \/>\nHochsauerlandstra\u00dfe 16, 34508 Willingen (Upland)<br \/>\n(bitte auch hier eine kurze R\u00fcckmeldung, wer am Abendessen teilnehmen m\u00f6chte)<\/p>\n<p>F\u00fcr alle die eine weite Anreise haben, gibt es folgende \u00dcbernachtungsm\u00f6glichkeiten:<br \/>\nhttps:\/\/www.brueggesloui.de\/das-hotel\/<br \/>\nhttps:\/\/landhotel-henkenhof.de\/<\/p>\n<p>Schon jetzt bedanken wir uns f\u00fcr alle Helfer und Aussteller, die bereit sind, ihre Tiere dort zu pr\u00e4sentieren.<\/p>\n","protected":false},"excerpt":{"rendered":"<p>Das Nolana-Netzwerk Deutschland e. V. l\u00e4dt alle Mitglieder und Interessierte rund um das Thema Haarschaf ganz herzlich zur diesj\u00e4hrigen Jahresversammlung am Samstag, den 14. September 2024, ein. Bitte unbedingt beachten: Anmeldung bis sp\u00e4testens 10. September erforderlich! Zur besseren Planung der Veranstaltung sind wir auf eure Anmeldung angewiesen, wir bitten daf\u00fcr um euer Verst\u00e4ndnis. Veranstaltungsort: P\u00f6nstube&hellip;<\/p>\n","protected":false},"author":3,"featured_media":2091,"comment_status":"closed","ping_status":"closed","sticky":false,"template":"","format":"standard","meta":{"footnotes":""},"categories":[1],"tags":[],"class_list":["post-2195","post","type-post","status-publish","format-standard","has-post-thumbnail","hentry","category-allgemein","category-1","description-off"],"_links":{"self":[{"href":"https:\/\/www.nolana-schafe.de\/de-pages\/wp-json\/wp\/v2\/posts\/2195","targetHints":{"allow":["GET"]}}],"collection":[{"href":"https:\/\/www.nolana-schafe.de\/de-pages\/wp-json\/wp\/v2\/posts"}],"about":[{"href":"https:\/\/www.nolana-schafe.de\/de-pages\/wp-json\/wp\/v2\/types\/post"}],"author":[{"embeddable":true,"href":"https:\/\/www.nolana-schafe.de\/de-pages\/wp-json\/wp\/v2\/users\/3"}],"replies":[{"embeddable":true,"href":"https:\/\/www.nolana-schafe.de\/de-pages\/wp-json\/wp\/v2\/comments?post=2195"}],"version-history":[{"count":5,"href":"https:\/\/www.nolana-schafe.de\/de-pages\/wp-json\/wp\/v2\/posts\/2195\/revisions"}],"predecessor-version":[{"id":2200,"href":"https:\/\/www.nolana-schafe.de\/de-pages\/wp-json\/wp\/v2\/posts\/2195\/revisions\/2200"}],"wp:featuredmedia":[{"embeddable":true,"href":"https:\/\/www.nolana-schafe.de\/de-pages\/wp-json\/wp\/v2\/media\/2091"}],"wp:attachment":[{"href":"https:\/\/www.nolana-schafe.de\/de-pages\/wp-json\/wp\/v2\/media?parent=2195"}],"wp:term":[{"taxonomy":"category","embeddable":true,"href":"https:\/\/www.nolana-schafe.de\/de-pages\/wp-json\/wp\/v2\/categories?post=2195"},{"taxonomy":"post_tag","embeddable":true,"href":"https:\/\/www.nolana-schafe.de\/de-pages\/wp-json\/wp\/v2\/tags?post=2195"}],"curies":[{"name":"wp","href":"https:\/\/api.w.org\/{rel}","templated":true}]}}