{"id":2285,"date":"2025-05-12T07:19:10","date_gmt":"2025-05-12T07:19:10","guid":{"rendered":"https:\/\/www.nolana-schafe.de\/de-pages\/?p=2285"},"modified":"2025-05-12T07:19:42","modified_gmt":"2025-05-12T07:19:42","slug":"vorstellung-nolana-und-braunes-haarschaf-beim-landesschafzuchtverband-niedersachsen","status":"publish","type":"post","link":"https:\/\/www.nolana-schafe.de\/de-pages\/vorstellung-nolana-und-braunes-haarschaf-beim-landesschafzuchtverband-niedersachsen\/","title":{"rendered":"Vorstellung Nolana und Braunes Haarschaf beim Landesschafzuchtverband Niedersachsen"},"content":{"rendered":"<p>Auf Einladung des Landesschafzuchtverbandes Niedersachsen referierte unser Mitglied und Herdbuchz\u00fcchter Dr. Clemens Becker zum Nolana-Zuchtversuch und stellte die daraus hervorgegangenen Rassen Nolana und Braunes Haarschaf vor. Rund 80 Mitglieder des Schafzuchtverbandes folgten gespannt seinen Ausf\u00fchrungen. Die Fragen und Diskussionen besch\u00e4ftigten sich im Wesentlichen mit den Fleischleistungen der Rassen und dem f\u00fcr die meisten Schafz\u00fcchter ungew\u00f6hnlichen aber nat\u00fcrlichem Abhaarverhalten unserer Rassen. Hintergrund der Einladung war, dass es im Schafland Niedersachsen nur sehr wenige Z\u00fcchter unserer Rassen gibt. Mit dem Vortrag konnten wir die Eigenschaften und insbesondere die Vorteile der Rassen verdeutlichen. Im Nachgang der Versammlung gab es in pers\u00f6nlichen Gespr\u00e4chen bereits Anfragen, wo entsprechende Zuchttiere zu bekommen sind. Aufgrund der in vielen F\u00e4llen fruchtbaren Gr\u00fcndlandstandorte konzentrierten sich die Anfragen auf die etwas schwerere Rasse Nolana. Die Pr\u00e4sentation ist \u2192\u00a0 <a href=\"https:\/\/www.nolana-schafe.de\/de-pages\/wp-content\/uploads\/Nolana_Netzwerk_SZV_Nds_250508_Versand.pdf\">hier<\/a>\u00a0zu finden.<\/p>\n","protected":false},"excerpt":{"rendered":"<p>Auf Einladung des Landesschafzuchtverbandes Niedersachsen referierte unser Mitglied und Herdbuchz\u00fcchter Dr. Clemens Becker zum Nolana-Zuchtversuch und stellte die daraus hervorgegangenen Rassen Nolana und Braunes Haarschaf vor. Rund 80 Mitglieder des Schafzuchtverbandes folgten gespannt seinen Ausf\u00fchrungen. Die Fragen und Diskussionen besch\u00e4ftigten sich im Wesentlichen mit den Fleischleistungen der Rassen und dem f\u00fcr die meisten Schafz\u00fcchter ungew\u00f6hnlichen&hellip;<\/p>\n","protected":false},"author":3,"featured_media":0,"comment_status":"closed","ping_status":"closed","sticky":false,"template":"","format":"standard","meta":{"footnotes":""},"categories":[1],"tags":[],"class_list":["post-2285","post","type-post","status-publish","format-standard","hentry","category-allgemein","category-1","description-off"],"_links":{"self":[{"href":"https:\/\/www.nolana-schafe.de\/de-pages\/wp-json\/wp\/v2\/posts\/2285","targetHints":{"allow":["GET"]}}],"collection":[{"href":"https:\/\/www.nolana-schafe.de\/de-pages\/wp-json\/wp\/v2\/posts"}],"about":[{"href":"https:\/\/www.nolana-schafe.de\/de-pages\/wp-json\/wp\/v2\/types\/post"}],"author":[{"embeddable":true,"href":"https:\/\/www.nolana-schafe.de\/de-pages\/wp-json\/wp\/v2\/users\/3"}],"replies":[{"embeddable":true,"href":"https:\/\/www.nolana-schafe.de\/de-pages\/wp-json\/wp\/v2\/comments?post=2285"}],"version-history":[{"count":2,"href":"https:\/\/www.nolana-schafe.de\/de-pages\/wp-json\/wp\/v2\/posts\/2285\/revisions"}],"predecessor-version":[{"id":2288,"href":"https:\/\/www.nolana-schafe.de\/de-pages\/wp-json\/wp\/v2\/posts\/2285\/revisions\/2288"}],"wp:attachment":[{"href":"https:\/\/www.nolana-schafe.de\/de-pages\/wp-json\/wp\/v2\/media?parent=2285"}],"wp:term":[{"taxonomy":"category","embeddable":true,"href":"https:\/\/www.nolana-schafe.de\/de-pages\/wp-json\/wp\/v2\/categories?post=2285"},{"taxonomy":"post_tag","embeddable":true,"href":"https:\/\/www.nolana-schafe.de\/de-pages\/wp-json\/wp\/v2\/tags?post=2285"}],"curies":[{"name":"wp","href":"https:\/\/api.w.org\/{rel}","templated":true}]}}