{"id":2296,"date":"2025-07-12T19:30:06","date_gmt":"2025-07-12T19:30:06","guid":{"rendered":"https:\/\/www.nolana-schafe.de\/de-pages\/?p=2296"},"modified":"2025-07-12T19:30:31","modified_gmt":"2025-07-12T19:30:31","slug":"einladung-zur-jahrestagung-des-nolana-netzwerk-deutschland-e-v-zum-16-august-2025","status":"publish","type":"post","link":"https:\/\/www.nolana-schafe.de\/de-pages\/einladung-zur-jahrestagung-des-nolana-netzwerk-deutschland-e-v-zum-16-august-2025\/","title":{"rendered":"Einladung zur Jahrestagung des Nolana-Netzwerk Deutschland e.V zum 16. August 2025"},"content":{"rendered":"<p><strong>Einladung zur 18. Jahrestagung des Nolana-Netzwerk Deutschland e.V. <\/strong><br \/>\n<strong>am Samstag, 16.8.2025 um 15.30 Uhr<\/strong><br \/>\nOrt: Haus D\u00fcsse 2<br \/>\n59505 Bad Sassendorf<br \/>\nTagungsprogramm<br \/>\n15. 30 Uhr Begr\u00fc\u00dfungskaffee<br \/>\n16.00 Beginn der Jahrestagung<br \/>\nTop 1 Begr\u00fc\u00dfung<br \/>\nTop 2 Vortrag: \u201eEndoparasitenkontrolle durch Wurmkuren, weiter wie bisher ?\u201c Dr. Folke Pfeifer,<br \/>\nTiergesundheitsdienst Sachsen-Anhalt<br \/>\nTop 3 Protokollverlesung der Jahresversammlung 2024<br \/>\nTop 5 Bericht des Vorstandes und Entlastung<br \/>\nTop 6 Bericht des Kassenwartes, Bericht der Kassenpr\u00fcfer und Entlastung<br \/>\nTop 7 Antr\u00e4ge<br \/>\n\uf0b7 Antrag auf \u00c4nderung der Vorstandzusammensetzung ab 1.1.2026 Erweiterung des<br \/>\nVorstandes um Beisitzer<br \/>\n\uf0b7 Anerkennung einer Untergruppierung nach \u00a710<br \/>\n\uf0b7 \u00dcberarbeitung der Vereinssatzung<br \/>\n\uf0b7 Erweiterung des Vorstandes um einen Beisitzer Zucht<br \/>\n\uf0b7 Beschl\u00fcsse der Herdbuchz\u00fcchter zu zuchtrelevanten Themen<br \/>\nTop 8 Sonstiges<br \/>\nca. 19 Uhr M\u00f6glichkeit zum gemeinsamen Abendessen<\/p>\n<p><strong><em>Anmeldungen erleichtern die Organisation. Bitte bis zum 10.8.an per E-Mail an <\/em><\/strong><br \/>\n<strong><em>kontakt@nolana-schafe.de oder benedikt.huettemann@gmx.net bzw. sh@kolleshof.de <\/em><\/strong><br \/>\n<strong><em>anmelden. Gerne auch per WhatsApp.<\/em><\/strong><\/p>\n<p>Eingeladen sind neben den Mitgliedern des Vereins auch alle Haarschafinteressierten. Da es ja zeitlich und r\u00e4umlichen mit den Schaftagen auf Haus D\u00fcsse zusammenf\u00e4llt, bietet sich eine Teilnahme gerade zu an.<\/p>\n","protected":false},"excerpt":{"rendered":"<p>Einladung zur 18. Jahrestagung des Nolana-Netzwerk Deutschland e.V. am Samstag, 16.8.2025 um 15.30 Uhr Ort: Haus D\u00fcsse 2 59505 Bad Sassendorf Tagungsprogramm 15. 30 Uhr Begr\u00fc\u00dfungskaffee 16.00 Beginn der Jahrestagung Top 1 Begr\u00fc\u00dfung Top 2 Vortrag: \u201eEndoparasitenkontrolle durch Wurmkuren, weiter wie bisher ?\u201c Dr. Folke Pfeifer, Tiergesundheitsdienst Sachsen-Anhalt Top 3 Protokollverlesung der Jahresversammlung 2024 Top&hellip;<\/p>\n","protected":false},"author":3,"featured_media":0,"comment_status":"closed","ping_status":"closed","sticky":false,"template":"","format":"standard","meta":{"footnotes":""},"categories":[1],"tags":[],"class_list":["post-2296","post","type-post","status-publish","format-standard","hentry","category-allgemein","category-1","description-off"],"_links":{"self":[{"href":"https:\/\/www.nolana-schafe.de\/de-pages\/wp-json\/wp\/v2\/posts\/2296","targetHints":{"allow":["GET"]}}],"collection":[{"href":"https:\/\/www.nolana-schafe.de\/de-pages\/wp-json\/wp\/v2\/posts"}],"about":[{"href":"https:\/\/www.nolana-schafe.de\/de-pages\/wp-json\/wp\/v2\/types\/post"}],"author":[{"embeddable":true,"href":"https:\/\/www.nolana-schafe.de\/de-pages\/wp-json\/wp\/v2\/users\/3"}],"replies":[{"embeddable":true,"href":"https:\/\/www.nolana-schafe.de\/de-pages\/wp-json\/wp\/v2\/comments?post=2296"}],"version-history":[{"count":1,"href":"https:\/\/www.nolana-schafe.de\/de-pages\/wp-json\/wp\/v2\/posts\/2296\/revisions"}],"predecessor-version":[{"id":2297,"href":"https:\/\/www.nolana-schafe.de\/de-pages\/wp-json\/wp\/v2\/posts\/2296\/revisions\/2297"}],"wp:attachment":[{"href":"https:\/\/www.nolana-schafe.de\/de-pages\/wp-json\/wp\/v2\/media?parent=2296"}],"wp:term":[{"taxonomy":"category","embeddable":true,"href":"https:\/\/www.nolana-schafe.de\/de-pages\/wp-json\/wp\/v2\/categories?post=2296"},{"taxonomy":"post_tag","embeddable":true,"href":"https:\/\/www.nolana-schafe.de\/de-pages\/wp-json\/wp\/v2\/tags?post=2296"}],"curies":[{"name":"wp","href":"https:\/\/api.w.org\/{rel}","templated":true}]}}