{"id":2299,"date":"2025-07-26T07:02:29","date_gmt":"2025-07-26T07:02:29","guid":{"rendered":"https:\/\/www.nolana-schafe.de\/de-pages\/?p=2299"},"modified":"2025-07-28T07:10:40","modified_gmt":"2025-07-28T07:10:40","slug":"teilnahme-an-der-tarmstedter-ausstellung-2025","status":"publish","type":"post","link":"https:\/\/www.nolana-schafe.de\/de-pages\/teilnahme-an-der-tarmstedter-ausstellung-2025\/","title":{"rendered":"Teilnahme an der Tarmstedter Ausstellung 2025"},"content":{"rendered":"<p>Der Nolana-Verein hat sich auch in diesem Jahr wieder mit 2 Pferchen (Braunes Haarschaf und NOLANA) und entsprechender Standbetreuung an der Tarmstedter Ausstellung beteiligt. Nachfolgend ein Kurzbericht unserer Jungz\u00fcchterin Mareike Scheppokat:<\/p>\n<p>&nbsp;<\/p>\n<p>Es waren drei lange aber sch\u00f6ne Tage auf der Ausstellung. Ich habe mich mit vielen netten (zuk\u00fcnftigen) Haarschafhalter*innen unterhalten. Manche wussten noch nicht, dass Haarschafe existieren, andere haben mir von ihren Pl\u00e4nen sich welche anzuschaffen erz\u00e4hlt und wieder andere sogar schon von ihren ersten gekauften Tieren oder gez\u00fcchteten L\u00e4mmern. Uns wurden viele Fragen zu den Tieren gestellt, von \u201eund die verlieren wirklich ihre Wolle selbst?\u201c \u00fcber \u201eSind die f\u00fcr meine so-und-so-viele Hektar gro\u00dfe Fl\u00e4che zum Abweiden geeignet?\u201c , bis hin zu Fachfragen war alles dabei. Neben den Gespr\u00e4chen am Stand bin ich auch 2x pro Tag mit einem Schaf in der \u201ebunten Tierschau\u201c mit Alpakas, Ziegen, Schafen und Ponys mitgelaufen, in der die einzelnen Rassen \u00fcber Lautsprecher genauer vorgestellt wurden. Davor im \u201eBackstage\u201c habe ich mich auch nett mit den anderen Z\u00fcchtern unterhalten. Neben den Schafen habe ich mich auf dem Gel\u00e4nde umgesehen und die Beitr\u00e4ge im Showring angeguckt. Vom Ritterspektakel zu Pferd und der schnellsten Quadriga Europas bis zu H\u00fctehunden mit Schafen oder Laufenten habe ich viele interessante Sachen gesehen. Alles in allem waren es sch\u00f6ne drei Tage in Tarmstedt und ich freue mich aufs n\u00e4chste Jahr. (Bericht Mareike Scheppokat)<\/p>\n<p><img loading=\"lazy\" decoding=\"async\" class=\"alignnone size-medium wp-image-2300\" src=\"https:\/\/www.nolana-schafe.de\/de-pages\/wp-content\/uploads\/Tarmstedt1-300x225.jpg\" alt=\"\" width=\"300\" height=\"225\" srcset=\"https:\/\/www.nolana-schafe.de\/de-pages\/wp-content\/uploads\/Tarmstedt1-300x225.jpg 300w, https:\/\/www.nolana-schafe.de\/de-pages\/wp-content\/uploads\/Tarmstedt1-1024x768.jpg 1024w, https:\/\/www.nolana-schafe.de\/de-pages\/wp-content\/uploads\/Tarmstedt1-768x576.jpg 768w, https:\/\/www.nolana-schafe.de\/de-pages\/wp-content\/uploads\/Tarmstedt1-1536x1152.jpg 1536w, https:\/\/www.nolana-schafe.de\/de-pages\/wp-content\/uploads\/Tarmstedt1.jpg 1600w\" sizes=\"auto, (max-width: 300px) 100vw, 300px\" \/><img loading=\"lazy\" decoding=\"async\" class=\"alignnone size-medium wp-image-2302\" src=\"https:\/\/www.nolana-schafe.de\/de-pages\/wp-content\/uploads\/Tarmstedt3-225x300.jpg\" alt=\"\" width=\"225\" height=\"300\" srcset=\"https:\/\/www.nolana-schafe.de\/de-pages\/wp-content\/uploads\/Tarmstedt3-225x300.jpg 225w, https:\/\/www.nolana-schafe.de\/de-pages\/wp-content\/uploads\/Tarmstedt3-768x1024.jpg 768w, https:\/\/www.nolana-schafe.de\/de-pages\/wp-content\/uploads\/Tarmstedt3-1152x1536.jpg 1152w, https:\/\/www.nolana-schafe.de\/de-pages\/wp-content\/uploads\/Tarmstedt3.jpg 1200w\" sizes=\"auto, (max-width: 225px) 100vw, 225px\" \/><img loading=\"lazy\" decoding=\"async\" class=\"alignnone size-medium wp-image-2303\" src=\"https:\/\/www.nolana-schafe.de\/de-pages\/wp-content\/uploads\/Tarmstedt4-300x225.jpg\" alt=\"\" width=\"300\" height=\"225\" srcset=\"https:\/\/www.nolana-schafe.de\/de-pages\/wp-content\/uploads\/Tarmstedt4-300x225.jpg 300w, https:\/\/www.nolana-schafe.de\/de-pages\/wp-content\/uploads\/Tarmstedt4-1024x768.jpg 1024w, https:\/\/www.nolana-schafe.de\/de-pages\/wp-content\/uploads\/Tarmstedt4-768x576.jpg 768w, https:\/\/www.nolana-schafe.de\/de-pages\/wp-content\/uploads\/Tarmstedt4-1536x1152.jpg 1536w, https:\/\/www.nolana-schafe.de\/de-pages\/wp-content\/uploads\/Tarmstedt4.jpg 1600w\" sizes=\"auto, (max-width: 300px) 100vw, 300px\" \/><\/p>\n","protected":false},"excerpt":{"rendered":"<p>Der Nolana-Verein hat sich auch in diesem Jahr wieder mit 2 Pferchen (Braunes Haarschaf und NOLANA) und entsprechender Standbetreuung an der Tarmstedter Ausstellung beteiligt. Nachfolgend ein Kurzbericht unserer Jungz\u00fcchterin Mareike Scheppokat: &nbsp; Es waren drei lange aber sch\u00f6ne Tage auf der Ausstellung. Ich habe mich mit vielen netten (zuk\u00fcnftigen) Haarschafhalter*innen unterhalten. Manche wussten noch nicht,&hellip;<\/p>\n","protected":false},"author":3,"featured_media":2301,"comment_status":"closed","ping_status":"closed","sticky":false,"template":"","format":"standard","meta":{"footnotes":""},"categories":[1],"tags":[],"class_list":["post-2299","post","type-post","status-publish","format-standard","has-post-thumbnail","hentry","category-allgemein","category-1","description-off"],"_links":{"self":[{"href":"https:\/\/www.nolana-schafe.de\/de-pages\/wp-json\/wp\/v2\/posts\/2299","targetHints":{"allow":["GET"]}}],"collection":[{"href":"https:\/\/www.nolana-schafe.de\/de-pages\/wp-json\/wp\/v2\/posts"}],"about":[{"href":"https:\/\/www.nolana-schafe.de\/de-pages\/wp-json\/wp\/v2\/types\/post"}],"author":[{"embeddable":true,"href":"https:\/\/www.nolana-schafe.de\/de-pages\/wp-json\/wp\/v2\/users\/3"}],"replies":[{"embeddable":true,"href":"https:\/\/www.nolana-schafe.de\/de-pages\/wp-json\/wp\/v2\/comments?post=2299"}],"version-history":[{"count":3,"href":"https:\/\/www.nolana-schafe.de\/de-pages\/wp-json\/wp\/v2\/posts\/2299\/revisions"}],"predecessor-version":[{"id":2306,"href":"https:\/\/www.nolana-schafe.de\/de-pages\/wp-json\/wp\/v2\/posts\/2299\/revisions\/2306"}],"wp:featuredmedia":[{"embeddable":true,"href":"https:\/\/www.nolana-schafe.de\/de-pages\/wp-json\/wp\/v2\/media\/2301"}],"wp:attachment":[{"href":"https:\/\/www.nolana-schafe.de\/de-pages\/wp-json\/wp\/v2\/media?parent=2299"}],"wp:term":[{"taxonomy":"category","embeddable":true,"href":"https:\/\/www.nolana-schafe.de\/de-pages\/wp-json\/wp\/v2\/categories?post=2299"},{"taxonomy":"post_tag","embeddable":true,"href":"https:\/\/www.nolana-schafe.de\/de-pages\/wp-json\/wp\/v2\/tags?post=2299"}],"curies":[{"name":"wp","href":"https:\/\/api.w.org\/{rel}","templated":true}]}}